{"id":4575,"date":"2015-08-14T19:02:04","date_gmt":"2015-08-14T19:02:04","guid":{"rendered":"https:\/\/rosefdn.org\/latest\/rose-foundation-on-the-radio\/"},"modified":"2024-05-31T16:30:18","modified_gmt":"2024-05-31T16:30:18","slug":"la-fundacion-rose-en-la-radio","status":"publish","type":"news","link":"http:\/\/rosefdn.org\/es\/latest\/rose-foundation-on-the-radio\/","title":{"rendered":"La Fundaci\u00f3n Rose en la radio"},"content":{"rendered":"","protected":false},"excerpt":{"rendered":"<p>Rose Foundation Executive Director Tim Little joined IDEX\u2019s Yeshica Weerasekera on KPFA&#8217;s Terra Verde, a weekly public affairs show that discusses today&#8217;s most important environmental issues. Click the link to listen!<\/p>","protected":false},"featured_media":3468,"template":"","format":[],"categories":[86],"tags":[],"topic":[],"class_list":["post-4575","news","type-news","status-publish","has-post-thumbnail","hentry","category-in-the-newsnews-features"],"acf":[],"yoast_head":"<!-- This site is optimized with the Yoast SEO plugin v27.5 - https:\/\/yoast.com\/product\/yoast-seo-wordpress\/ -->\n<title>Rose Foundation On the Radio - Rose Foundation<\/title>\n<meta name=\"description\" content=\"Rose Foundation Executive Director Tim Little joined IDEX\u2019s Yeshica Weerasekera on KPFA&#039;s Terra Verde, a weekly public affairs show that discusses today&#039;s most important environmental issues. Click the link to listen!\" \/>\n<meta name=\"robots\" content=\"index, follow, max-snippet:-1, max-image-preview:large, max-video-preview:-1\" \/>\n<link rel=\"canonical\" href=\"https:\/\/rosefdn.org\/es\/novedades\/la-fundacion-rose-en-la-radio\/\" \/>\n<meta property=\"og:locale\" content=\"es_ES\" \/>\n<meta property=\"og:type\" content=\"article\" \/>\n<meta property=\"og:title\" content=\"Rose Foundation On the Radio - Rose Foundation\" \/>\n<meta property=\"og:description\" content=\"Rose Foundation Executive Director Tim Little joined IDEX\u2019s Yeshica Weerasekera on KPFA&#039;s Terra Verde, a weekly public affairs show that discusses today&#039;s most important environmental issues. Click the link to listen!\" \/>\n<meta property=\"og:url\" content=\"https:\/\/rosefdn.org\/es\/novedades\/la-fundacion-rose-en-la-radio\/\" \/>\n<meta property=\"og:site_name\" content=\"Rose Foundation\" \/>\n<meta property=\"article:modified_time\" content=\"2024-05-31T16:30:18+00:00\" \/>\n<meta property=\"og:image\" content=\"https:\/\/rosefdn.org\/wp-content\/uploads\/KPFA-logo-e1439579090599.png\" \/>\n\t<meta property=\"og:image:width\" content=\"250\" \/>\n\t<meta property=\"og:image:height\" content=\"209\" \/>\n\t<meta property=\"og:image:type\" content=\"image\/png\" \/>\n<meta name=\"twitter:card\" content=\"summary_large_image\" \/>\n<script type=\"application\/ld+json\" class=\"yoast-schema-graph\">{\"@context\":\"https:\\\/\\\/schema.org\",\"@graph\":[{\"@type\":\"WebPage\",\"@id\":\"https:\\\/\\\/rosefdn.org\\\/latest\\\/rose-foundation-on-the-radio\\\/\",\"url\":\"https:\\\/\\\/rosefdn.org\\\/latest\\\/rose-foundation-on-the-radio\\\/\",\"name\":\"Rose Foundation On the Radio - Rose Foundation\",\"isPartOf\":{\"@id\":\"https:\\\/\\\/rosefdn.org\\\/#website\"},\"primaryImageOfPage\":{\"@id\":\"https:\\\/\\\/rosefdn.org\\\/latest\\\/rose-foundation-on-the-radio\\\/#primaryimage\"},\"image\":{\"@id\":\"https:\\\/\\\/rosefdn.org\\\/latest\\\/rose-foundation-on-the-radio\\\/#primaryimage\"},\"thumbnailUrl\":\"https:\\\/\\\/rosefdn.org\\\/wp-content\\\/uploads\\\/KPFA-logo-e1439579090599.png\",\"datePublished\":\"2015-08-14T19:02:04+00:00\",\"dateModified\":\"2024-05-31T16:30:18+00:00\",\"description\":\"Rose Foundation Executive Director Tim Little joined IDEX\u2019s Yeshica Weerasekera on KPFA's Terra Verde, a weekly public affairs show that discusses today's most important environmental issues. Click the link to listen!\",\"breadcrumb\":{\"@id\":\"https:\\\/\\\/rosefdn.org\\\/latest\\\/rose-foundation-on-the-radio\\\/#breadcrumb\"},\"inLanguage\":\"es\",\"potentialAction\":[{\"@type\":\"ReadAction\",\"target\":[\"https:\\\/\\\/rosefdn.org\\\/latest\\\/rose-foundation-on-the-radio\\\/\"]}]},{\"@type\":\"ImageObject\",\"inLanguage\":\"es\",\"@id\":\"https:\\\/\\\/rosefdn.org\\\/latest\\\/rose-foundation-on-the-radio\\\/#primaryimage\",\"url\":\"https:\\\/\\\/rosefdn.org\\\/wp-content\\\/uploads\\\/KPFA-logo-e1439579090599.png\",\"contentUrl\":\"https:\\\/\\\/rosefdn.org\\\/wp-content\\\/uploads\\\/KPFA-logo-e1439579090599.png\",\"width\":250,\"height\":209},{\"@type\":\"BreadcrumbList\",\"@id\":\"https:\\\/\\\/rosefdn.org\\\/latest\\\/rose-foundation-on-the-radio\\\/#breadcrumb\",\"itemListElement\":[{\"@type\":\"ListItem\",\"position\":1,\"name\":\"Home\",\"item\":\"https:\\\/\\\/rosefdn.org\\\/\"},{\"@type\":\"ListItem\",\"position\":2,\"name\":\"Rose Foundation On the Radio\"}]},{\"@type\":\"WebSite\",\"@id\":\"https:\\\/\\\/rosefdn.org\\\/#website\",\"url\":\"https:\\\/\\\/rosefdn.org\\\/\",\"name\":\"Rose Foundation\",\"description\":\"Communities Flourish With Stewardship\",\"potentialAction\":[{\"@type\":\"SearchAction\",\"target\":{\"@type\":\"EntryPoint\",\"urlTemplate\":\"https:\\\/\\\/rosefdn.org\\\/?s={search_term_string}\"},\"query-input\":{\"@type\":\"PropertyValueSpecification\",\"valueRequired\":true,\"valueName\":\"search_term_string\"}}],\"inLanguage\":\"es\"}]}<\/script>\n<!-- \/ Yoast SEO plugin. -->","yoast_head_json":{"title":"La Fundaci\u00f3n Rose en la radio - Fundaci\u00f3n Rose","description":"El Director Ejecutivo de la Fundaci\u00f3n Rose, Tim Little, se uni\u00f3 a Yeshica Weerasekera, de IDEX, en Terra Verde de KPFA, un programa semanal de asuntos p\u00fablicos en el que se debaten los temas medioambientales m\u00e1s importantes de la actualidad. Haga clic en el enlace para escucharlo.","robots":{"index":"index","follow":"follow","max-snippet":"max-snippet:-1","max-image-preview":"max-image-preview:large","max-video-preview":"max-video-preview:-1"},"canonical":"https:\/\/rosefdn.org\/es\/novedades\/la-fundacion-rose-en-la-radio\/","og_locale":"es_ES","og_type":"article","og_title":"Rose Foundation On the Radio - Rose Foundation","og_description":"Rose Foundation Executive Director Tim Little joined IDEX\u2019s Yeshica Weerasekera on KPFA's Terra Verde, a weekly public affairs show that discusses today's most important environmental issues. Click the link to listen!","og_url":"https:\/\/rosefdn.org\/es\/novedades\/la-fundacion-rose-en-la-radio\/","og_site_name":"Rose Foundation","article_modified_time":"2024-05-31T16:30:18+00:00","og_image":[{"width":250,"height":209,"url":"https:\/\/rosefdn.org\/wp-content\/uploads\/KPFA-logo-e1439579090599.png","type":"image\/png"}],"twitter_card":"summary_large_image","schema":{"@context":"https:\/\/schema.org","@graph":[{"@type":"WebPage","@id":"https:\/\/rosefdn.org\/latest\/rose-foundation-on-the-radio\/","url":"https:\/\/rosefdn.org\/latest\/rose-foundation-on-the-radio\/","name":"La Fundaci\u00f3n Rose en la radio - Fundaci\u00f3n Rose","isPartOf":{"@id":"https:\/\/rosefdn.org\/#website"},"primaryImageOfPage":{"@id":"https:\/\/rosefdn.org\/latest\/rose-foundation-on-the-radio\/#primaryimage"},"image":{"@id":"https:\/\/rosefdn.org\/latest\/rose-foundation-on-the-radio\/#primaryimage"},"thumbnailUrl":"https:\/\/rosefdn.org\/wp-content\/uploads\/KPFA-logo-e1439579090599.png","datePublished":"2015-08-14T19:02:04+00:00","dateModified":"2024-05-31T16:30:18+00:00","description":"El Director Ejecutivo de la Fundaci\u00f3n Rose, Tim Little, se uni\u00f3 a Yeshica Weerasekera, de IDEX, en Terra Verde de KPFA, un programa semanal de asuntos p\u00fablicos en el que se debaten los temas medioambientales m\u00e1s importantes de la actualidad. Haga clic en el enlace para escucharlo.","breadcrumb":{"@id":"https:\/\/rosefdn.org\/latest\/rose-foundation-on-the-radio\/#breadcrumb"},"inLanguage":"es","potentialAction":[{"@type":"ReadAction","target":["https:\/\/rosefdn.org\/latest\/rose-foundation-on-the-radio\/"]}]},{"@type":"ImageObject","inLanguage":"es","@id":"https:\/\/rosefdn.org\/latest\/rose-foundation-on-the-radio\/#primaryimage","url":"https:\/\/rosefdn.org\/wp-content\/uploads\/KPFA-logo-e1439579090599.png","contentUrl":"https:\/\/rosefdn.org\/wp-content\/uploads\/KPFA-logo-e1439579090599.png","width":250,"height":209},{"@type":"BreadcrumbList","@id":"https:\/\/rosefdn.org\/latest\/rose-foundation-on-the-radio\/#breadcrumb","itemListElement":[{"@type":"ListItem","position":1,"name":"Home","item":"https:\/\/rosefdn.org\/"},{"@type":"ListItem","position":2,"name":"Rose Foundation On the Radio"}]},{"@type":"WebSite","@id":"https:\/\/rosefdn.org\/#website","url":"https:\/\/rosefdn.org\/","name":"Fundaci\u00f3n Rosa","description":"Las comunidades florecen con la administraci\u00f3n","potentialAction":[{"@type":"SearchAction","target":{"@type":"EntryPoint","urlTemplate":"https:\/\/rosefdn.org\/?s={search_term_string}"},"query-input":{"@type":"PropertyValueSpecification","valueRequired":true,"valueName":"search_term_string"}}],"inLanguage":"es"}]}},"_links":{"self":[{"href":"http:\/\/rosefdn.org\/es\/wp-json\/wp\/v2\/news\/4575","targetHints":{"allow":["GET"]}}],"collection":[{"href":"http:\/\/rosefdn.org\/es\/wp-json\/wp\/v2\/news"}],"about":[{"href":"http:\/\/rosefdn.org\/es\/wp-json\/wp\/v2\/types\/news"}],"wp:featuredmedia":[{"embeddable":true,"href":"http:\/\/rosefdn.org\/es\/wp-json\/wp\/v2\/media\/3468"}],"wp:attachment":[{"href":"http:\/\/rosefdn.org\/es\/wp-json\/wp\/v2\/media?parent=4575"}],"wp:term":[{"taxonomy":"category","embeddable":true,"href":"http:\/\/rosefdn.org\/es\/wp-json\/wp\/v2\/categories?post=4575"},{"taxonomy":"post_tag","embeddable":true,"href":"http:\/\/rosefdn.org\/es\/wp-json\/wp\/v2\/tags?post=4575"},{"taxonomy":"topic","embeddable":true,"href":"http:\/\/rosefdn.org\/es\/wp-json\/wp\/v2\/topic?post=4575"},{"taxonomy":"format","embeddable":true,"href":"http:\/\/rosefdn.org\/es\/wp-json\/wp\/v2\/format?post=4575"}],"curies":[{"name":"wp","href":"https:\/\/api.w.org\/{rel}","templated":true}]}}