{"id":4834,"date":"2020-04-29T19:38:36","date_gmt":"2020-04-29T19:38:36","guid":{"rendered":"https:\/\/rosefdn.org\/latest\/rose-foundation-en-el-valle-central\/"},"modified":"2024-05-31T16:32:33","modified_gmt":"2024-05-31T16:32:33","slug":"fundacion-rose-en-el-valle-central","status":"publish","type":"news","link":"http:\/\/rosefdn.org\/es\/latest\/rose-foundation-en-el-valle-central\/","title":{"rendered":"Fundaci\u00f3n Rosa en el Valle Central"},"content":{"rendered":"<p><strong>Escrito por Aurora Heying<\/strong><br \/>\n<strong>Traducido por Laura Fern\u00e1ndez<\/strong><\/p>\n<p><a href=\"\/wp-content\/uploads\/Rose-Foundation-Spring-2020-Newsletter.pdf\" target=\"_blank\" rel=\"noopener noreferrer\"><strong>To read this article and the full Spring 2020 Newsletter in English, click here.<\/strong><\/a><\/p>\n<p>Este invierno, el personal de Rose Foundation y miembros de la Junta del Grassroots Fund visitamos a grupos beneficiarios en el sur del Valle Central. Muchas de las comunidades de trabajadores agr\u00edcolas son \u00e1reas no incorporados no tienen un municipio local y no reciben los mismos servicios locales que una ciudad incorporada t\u00edpica, como la polic\u00eda, los servicios de emergencia y los desechos municipales. Estos vecindarios sufren una falta hist\u00f3rica de representaci\u00f3n, recursos e inversi\u00f3n en infraestructura. Por ejemplo, muchos operaciones contaminantes a una distancia obligatoria de los hogares de las personas, a menudo no existen. Como resultado, la mala calidad del aire y del agua afecta a estas ciudades, cuyos miembros de la comunidad sufren altas tasas de c\u00e1ncer y asma. El activismo comunitario siempre ha sido parte de la historia del Valle Central, y ese legado contin\u00faa. <strong>Los grupos de voluntarios est\u00e1n defendiendo con \u00e9xito a sus comunidades al involucrarse de manera experta en la pol\u00edtica local.<\/strong> Como explica claramente <a href=\"#GustavoAguirre\">el miembro de la Junta, Gustavo Aguirre<\/a>, \u201cTenemos que luchar 38por [nuestros derechos]; no solo nos los van a dar.\u201d<\/p>\n<h3><strong>Siga nuestro viaje visitando algunos de nuestros beneficiarios del Grassroots Fund en el Valle Central:<\/strong><\/h3>\n<p><img decoding=\"async\" class=\"wp-image-35153 alignleft\" src=\"\/wp-content\/uploads\/Committee-for-a-Better-Shafter-CV-article-Spring-Print-News-2020-Spanish.jpg\" alt=\"Visitamos el jard\u00edn comunitario del Comit\u00e9 for un mejor Shafter, cerca a una escuela, sitio de perforaci\u00f3n petrolera y campos agr\u00edcolas que usan pesticidas.\" width=\"200\" height=\"200\" \/>Ubicado en los campos entre Bakersfield y Delano es nuestra primera parada, un jard\u00edn comunitario en Shafter. El jard\u00edn se encuentra al lado de una escuela primaria, solo a cientos de pies de distancia de una operaci\u00f3n de perforaci\u00f3n petrolera. Nos reciben los miembros del <strong>Comit\u00e9 para un mejor Shafter<\/strong>, organizadores apasionados y determinados que lideran la lucha por una mejor calidad del aire. A medida que instalamos, se\u00f1alan varias fuentes de contaminaci\u00f3n que afectan la calidad del aire local, incluyendo la perforaci\u00f3n petrolera y la fumigaci\u00f3n con pesticidas de los cultivos de pistacho de los alrededores. Los l\u00edderes del Comit\u00e9 nos cuentan sobre su trabajo para establecer un centro local de atenci\u00f3n de urgencia para proporcionar acceso necesario a la atenci\u00f3n m\u00e9dica; para cabildear por una prohibici\u00f3n estatal de pesticidas; y para desarrollar un plan comunitario de calidad del aire con $38 millones de fondos garantizados. \u00a1Wow, eso significa que financiaci\u00f3n y apoyo para el desarrollo de capacidades del Grassroots Fund est\u00e1 funcionando!<\/p>\n<p><img decoding=\"async\" class=\"alignright wp-image-35155\" src=\"\/wp-content\/uploads\/Comite-Progreso-de-Lamont-CV-article-Spring-Print-News-2020-Spanish.jpg\" alt=\"El Comit\u00e9 Progreso de Lamont nos muestra el desarrollo de viviendas asequibles en construcci\u00f3n\" width=\"200\" height=\"200\" \/>Luego, nos dirigimos a Lamont, donde 10 organizadoros decididos del <strong>Comit\u00e9 Progreso de Lamont<\/strong> han obligado a los supervisores del condado a prestar atenci\u00f3n. Los miembros del comit\u00e9 van a todas las reuniones p\u00fablicas, \u00a1y ha valido la pena! Su sentimiento de orgullo y empoderamiento es palpable. Como explica un miembro del comit\u00e9, \u201c\u00a1ahora toman nuestras llamadas!&#8221; Contin\u00faan, \u201clos supervisores est\u00e1n pidiendo aportes de la comunidad\u201d y trabajando con nosotros para desarrollar planes del condado. Los miembros comparten sus \u00e9xitos, desde asegurar fondos y trabajar con el condado para redise\u00f1ar un parque central accesible; a organizar campa\u00f1as para construir 4 millas de andenes alrededor de la ciudad; a promover la creaci\u00f3n viviendas asequibles para albergar a 42 familias con aceras que bordean el camino a la escuela primaria y la oficina de correos, y un programa de viaje compartido para residentes.<\/p>\n<p><img decoding=\"async\" class=\"wp-image-35154 alignleft\" src=\"\/wp-content\/uploads\/Committee-for-a-Better-Arvin-CV-article-Spring-Print-News-2020-Spanish.jpg\" alt=\"Miembros del Comit\u00e9 por un mejor Arvin comparten su historia de enfrentarse a la industria de los combustibles f\u00f3siles\" width=\"200\" height=\"200\" \/><\/p>\n<p>En la comunidad vecina de Arvin, nos reunimos con miembros del <strong>Comit\u00e9 para un Mejor Arvin<\/strong>, quienes exigieron un cambio despu\u00e9s de que dos personas j\u00f3venes murieran por los gases t\u00f3xicos del centro de reciclaje local. Lograron anular la propiedad de la instalaci\u00f3n y negociaron un contrato para reducir el 80% de la contaminaci\u00f3n del aire y crear un fondo de aproximadamente $30,000 por a\u00f1o para implementar proyectos comunitarios.<\/p>\n<p>Por a\u00f1os, el grupo tambi\u00e9n ha luchado por una ordenanza para limitar la construcci\u00f3n de nuevos pozos de petr\u00f3leo a menos de 300 pies de las viviendas. Durante todo el proceso, la industria de combustibles f\u00f3siles luch\u00f3 contra ellos con u\u00f1as y dientes. Como describe un miembro, las compa\u00f1\u00edas petroleras \u201cnos dijeron, \u2018le daremos lo que quieran\u2019\u201d, para continuar las operaciones de perforaci\u00f3n, \u201cy dijimos, \u2018lo que queremos es que no haya pozos petroleros\u2019\u201d. Las compa\u00f1\u00edas incluso intentaron sobornar a los locales para que cedieran. A pesar de la fuerte oposici\u00f3n monetaria, la determinaci\u00f3n del comit\u00e9 vali\u00f3 la pena. \u00a1La Ciudad de Arvin finalmente aprob\u00f3 la ordenanza en 2018!<img decoding=\"async\" class=\"alignright wp-image-35156\" src=\"\/wp-content\/uploads\/Greenfield-Walking-Group-CV-article-Spring-Print-News-2020-Spanish.jpg\" alt=\"Hicimos un tour del jardin comunitario del Greenfield Walking Group\" width=\"200\" height=\"200\" \/><\/p>\n<p>Terminamos nuestro viaje en Bakersfield, donde <strong>Greenfield Walking Group<\/strong> retom\u00f3 el parque de su vecindario, que sufr\u00eda de infraestructura rota, uso de drogas, basura y actividad de pandillas. El grupo nos muestra el hermoso jard\u00edn comunitario que construyeron. El jard\u00edn apoya a 20 familias locales y ofrece actividades gratuitas para mantener a la comunidad saludable y activa, incluyendo clases de Zumba y un programa de liderazgo estudiantil. Los voluntarios comparten historias sobre sus esfuerzos para exigir que el gobierno local satisfaga las necesidades de su comunidad, incluida la defensa de un nuevo Plan General del Condado de Kern equitativo.<\/p>\n<p>Me sorprende el nivel de compromiso y la pasi\u00f3n de los grupos que apoyamos, y me siento humilde por c\u00f3mo han logrado tanto con tan poco. <strong>Su amor por sus comunidades los ha llevado a luchar, contra viento y marea, con determinaci\u00f3n incansable, \u00a1y a ganar!<\/strong> Estas son las historias que me dan esperanza. Me siento honrado de apoyar su trabajo como Program Officer de los fondos comunitarios de Rose Foundation.<\/p>\n<p>Conozca m\u00e1s sobre nuestro Grassroots Fund: <a href=\"\/grassrootsfund\" target=\"_blank\" rel=\"noopener noreferrer\">rosefdn.org\/grassrootsfund<\/a>.<\/p>\n<hr \/>\n<h1><span style=\"font-weight: 400;\"><a id=\"GustavoAguirre\"><\/a>Nuestro Gu\u00eda por el Valle Central<\/span><\/h1>\n<p><img decoding=\"async\" class=\"alignleft wp-image-35159\" src=\"\/wp-content\/uploads\/Gustavo-Aguirre-sq.jpg\" alt=\"Gustavo Aguirre\" width=\"200\" height=\"200\" \/><\/p>\n<p><span style=\"font-weight: 400;\" data-wp-editing=\"1\">Queremos agradecer enormemente a Gustavo Aguirre, miembro de la Junta del Grassroots Fund, quien nos gui\u00f3 a en visitas de campo en el Valle Central. Gustavo comenz\u00f3 en movilizaci\u00f3n y organizaci\u00f3n comunitaria cuando era trabajador agr\u00edcola y conoci\u00f3 a C\u00e9sar Ch\u00e1vez. Ch\u00e1vez comparti\u00f3 algunas palabras de sabidur\u00eda con Gustavo, quien se inspir\u00f3 para luchar por la justicia y servir a los dem\u00e1s. La experiencia de Gustavo en la organizaci\u00f3n de este movimiento le ense\u00f1\u00f3:<\/span><\/p>\n<blockquote>\n<p style=\"text-align: center;\"><span style=\"font-size: 18pt;\"><i><span style=\"font-weight: 400;\">\u201cTenemos que usar todos los derechos<\/span><\/i><\/span><\/p>\n<p style=\"text-align: center;\"><span style=\"font-size: 18pt;\"><i><span style=\"font-weight: 400;\">que tenemos en nuestra lucha.\u201d<\/span><\/i><\/span><\/p>\n<\/blockquote>\n<p><strong><span style=\"font-weight: 400;\">Gustavo se inspira en el compromiso del Grassroots Fund \u201cpara crear un mundo mejor con aire limpio y agua limpia, y para empoderar a las comunidades a encontrar su voz&#8221;. \u00a1Gracias por pasar el fin de semana con nosotros visitando grupos incre\u00edbles que trabajan por la seguridad, la salud y el medio ambiente de sus comunidades!<\/span><\/strong><\/p>\n","protected":false},"excerpt":{"rendered":"<p>Este invierno, el personal de Rose Foundation y miembros de la Junta del Grassroots Fund visitamos a grupos beneficiarios en el sur del Valle Central. Muchas de las comunidades de trabajadores agr\u00edcolas son \u00e1reas no incorporados no tienen un municipio local y no reciben los mismos servicios locales&#8230;<\/p>","protected":false},"featured_media":3990,"template":"","format":[],"categories":[116],"tags":[129],"topic":[],"class_list":["post-4834","news","type-news","status-publish","has-post-thumbnail","hentry","category-noticias-e-historias","tag-grassroots-fundsnewslettersrose-foundation"],"acf":[],"yoast_head":"<!-- This site is optimized with the Yoast SEO plugin v27.5 - https:\/\/yoast.com\/product\/yoast-seo-wordpress\/ -->\n<title>Rose Foundation en el Valle Central - Rose Foundation<\/title>\n<meta name=\"description\" content=\"Este invierno, el personal de Rose Foundation y miembros de la Junta del Grassroots Fund visitamos a grupos beneficiarios en el sur del Valle Central. Muchas de las comunidades de trabajadores agr\u00edcolas son \u00e1reas no incorporados no tienen un municipio local y no reciben los mismos servicios locales...\" \/>\n<meta name=\"robots\" content=\"index, follow, max-snippet:-1, max-image-preview:large, max-video-preview:-1\" \/>\n<link rel=\"canonical\" href=\"https:\/\/rosefdn.org\/es\/novedades\/fundacion-rose-en-el-valle-central\/\" \/>\n<meta property=\"og:locale\" content=\"es_ES\" \/>\n<meta property=\"og:type\" content=\"article\" \/>\n<meta property=\"og:title\" content=\"Rose Foundation en el Valle Central - Rose Foundation\" \/>\n<meta property=\"og:description\" content=\"Este invierno, el personal de Rose Foundation y miembros de la Junta del Grassroots Fund visitamos a grupos beneficiarios en el sur del Valle Central. Muchas de las comunidades de trabajadores agr\u00edcolas son \u00e1reas no incorporados no tienen un municipio local y no reciben los mismos servicios locales...\" \/>\n<meta property=\"og:url\" content=\"https:\/\/rosefdn.org\/es\/novedades\/fundacion-rose-en-el-valle-central\/\" \/>\n<meta property=\"og:site_name\" content=\"Rose Foundation\" \/>\n<meta property=\"article:modified_time\" content=\"2024-05-31T16:32:33+00:00\" \/>\n<meta property=\"og:image\" content=\"https:\/\/rosefdn.org\/wp-content\/uploads\/Spring-Print-Newsletter-Header-Photo.jpg\" \/>\n\t<meta property=\"og:image:width\" content=\"1280\" \/>\n\t<meta property=\"og:image:height\" content=\"960\" \/>\n\t<meta property=\"og:image:type\" content=\"image\/jpeg\" \/>\n<meta name=\"twitter:card\" content=\"summary_large_image\" \/>\n<meta name=\"twitter:label1\" content=\"Tiempo de lectura\" \/>\n\t<meta name=\"twitter:data1\" content=\"5 minutos\" \/>\n<script type=\"application\/ld+json\" class=\"yoast-schema-graph\">{\"@context\":\"https:\\\/\\\/schema.org\",\"@graph\":[{\"@type\":\"WebPage\",\"@id\":\"https:\\\/\\\/rosefdn.org\\\/latest\\\/rose-foundation-en-el-valle-central\\\/\",\"url\":\"https:\\\/\\\/rosefdn.org\\\/latest\\\/rose-foundation-en-el-valle-central\\\/\",\"name\":\"Rose Foundation en el Valle Central - Rose Foundation\",\"isPartOf\":{\"@id\":\"https:\\\/\\\/rosefdn.org\\\/#website\"},\"primaryImageOfPage\":{\"@id\":\"https:\\\/\\\/rosefdn.org\\\/latest\\\/rose-foundation-en-el-valle-central\\\/#primaryimage\"},\"image\":{\"@id\":\"https:\\\/\\\/rosefdn.org\\\/latest\\\/rose-foundation-en-el-valle-central\\\/#primaryimage\"},\"thumbnailUrl\":\"https:\\\/\\\/rosefdn.org\\\/wp-content\\\/uploads\\\/Spring-Print-Newsletter-Header-Photo.jpg\",\"datePublished\":\"2020-04-29T19:38:36+00:00\",\"dateModified\":\"2024-05-31T16:32:33+00:00\",\"description\":\"Este invierno, el personal de Rose Foundation y miembros de la Junta del Grassroots Fund visitamos a grupos beneficiarios en el sur del Valle Central. Muchas de las comunidades de trabajadores agr\u00edcolas son \u00e1reas no incorporados no tienen un municipio local y no reciben los mismos servicios locales...\",\"breadcrumb\":{\"@id\":\"https:\\\/\\\/rosefdn.org\\\/latest\\\/rose-foundation-en-el-valle-central\\\/#breadcrumb\"},\"inLanguage\":\"es\",\"potentialAction\":[{\"@type\":\"ReadAction\",\"target\":[\"https:\\\/\\\/rosefdn.org\\\/latest\\\/rose-foundation-en-el-valle-central\\\/\"]}]},{\"@type\":\"ImageObject\",\"inLanguage\":\"es\",\"@id\":\"https:\\\/\\\/rosefdn.org\\\/latest\\\/rose-foundation-en-el-valle-central\\\/#primaryimage\",\"url\":\"https:\\\/\\\/rosefdn.org\\\/wp-content\\\/uploads\\\/Spring-Print-Newsletter-Header-Photo.jpg\",\"contentUrl\":\"https:\\\/\\\/rosefdn.org\\\/wp-content\\\/uploads\\\/Spring-Print-Newsletter-Header-Photo.jpg\",\"width\":1280,\"height\":960,\"caption\":\"A diverse group of 19 people, including one person in a wheelchair, posed outdoors on a dirt path in front of greenery and autumn-colored trees. They are smiling and dressed in casual clothing suitable for cool weather.\"},{\"@type\":\"BreadcrumbList\",\"@id\":\"https:\\\/\\\/rosefdn.org\\\/latest\\\/rose-foundation-en-el-valle-central\\\/#breadcrumb\",\"itemListElement\":[{\"@type\":\"ListItem\",\"position\":1,\"name\":\"Home\",\"item\":\"https:\\\/\\\/rosefdn.org\\\/\"},{\"@type\":\"ListItem\",\"position\":2,\"name\":\"Rose Foundation en el Valle Central\"}]},{\"@type\":\"WebSite\",\"@id\":\"https:\\\/\\\/rosefdn.org\\\/#website\",\"url\":\"https:\\\/\\\/rosefdn.org\\\/\",\"name\":\"Rose Foundation\",\"description\":\"Communities Flourish With Stewardship\",\"potentialAction\":[{\"@type\":\"SearchAction\",\"target\":{\"@type\":\"EntryPoint\",\"urlTemplate\":\"https:\\\/\\\/rosefdn.org\\\/?s={search_term_string}\"},\"query-input\":{\"@type\":\"PropertyValueSpecification\",\"valueRequired\":true,\"valueName\":\"search_term_string\"}}],\"inLanguage\":\"es\"}]}<\/script>\n<!-- \/ Yoast SEO plugin. -->","yoast_head_json":{"title":"Fundaci\u00f3n Rose en el Valle Central - Fundaci\u00f3n Rose","description":"Este invierno, el personal de Rose Foundation y miembros de la Junta del Grassroots Fund visitamos a grupos beneficiarios en el sur del Valle Central. Muchas de las comunidades de trabajadores agr\u00edcolas son \u00e1reas no incorporadas no tienen un municipio local y no reciben los mismos servicios locales...","robots":{"index":"index","follow":"follow","max-snippet":"max-snippet:-1","max-image-preview":"max-image-preview:large","max-video-preview":"max-video-preview:-1"},"canonical":"https:\/\/rosefdn.org\/es\/novedades\/fundacion-rose-en-el-valle-central\/","og_locale":"es_ES","og_type":"article","og_title":"Rose Foundation en el Valle Central - Rose Foundation","og_description":"Este invierno, el personal de Rose Foundation y miembros de la Junta del Grassroots Fund visitamos a grupos beneficiarios en el sur del Valle Central. Muchas de las comunidades de trabajadores agr\u00edcolas son \u00e1reas no incorporados no tienen un municipio local y no reciben los mismos servicios locales...","og_url":"https:\/\/rosefdn.org\/es\/novedades\/fundacion-rose-en-el-valle-central\/","og_site_name":"Rose Foundation","article_modified_time":"2024-05-31T16:32:33+00:00","og_image":[{"width":1280,"height":960,"url":"https:\/\/rosefdn.org\/wp-content\/uploads\/Spring-Print-Newsletter-Header-Photo.jpg","type":"image\/jpeg"}],"twitter_card":"summary_large_image","twitter_misc":{"Tiempo de lectura":"5 minutos"},"schema":{"@context":"https:\/\/schema.org","@graph":[{"@type":"WebPage","@id":"https:\/\/rosefdn.org\/latest\/rose-foundation-en-el-valle-central\/","url":"https:\/\/rosefdn.org\/latest\/rose-foundation-en-el-valle-central\/","name":"Fundaci\u00f3n Rose en el Valle Central - Fundaci\u00f3n Rose","isPartOf":{"@id":"https:\/\/rosefdn.org\/#website"},"primaryImageOfPage":{"@id":"https:\/\/rosefdn.org\/latest\/rose-foundation-en-el-valle-central\/#primaryimage"},"image":{"@id":"https:\/\/rosefdn.org\/latest\/rose-foundation-en-el-valle-central\/#primaryimage"},"thumbnailUrl":"https:\/\/rosefdn.org\/wp-content\/uploads\/Spring-Print-Newsletter-Header-Photo.jpg","datePublished":"2020-04-29T19:38:36+00:00","dateModified":"2024-05-31T16:32:33+00:00","description":"Este invierno, el personal de Rose Foundation y miembros de la Junta del Grassroots Fund visitamos a grupos beneficiarios en el sur del Valle Central. Muchas de las comunidades de trabajadores agr\u00edcolas son \u00e1reas no incorporadas no tienen un municipio local y no reciben los mismos servicios locales...","breadcrumb":{"@id":"https:\/\/rosefdn.org\/latest\/rose-foundation-en-el-valle-central\/#breadcrumb"},"inLanguage":"es","potentialAction":[{"@type":"ReadAction","target":["https:\/\/rosefdn.org\/latest\/rose-foundation-en-el-valle-central\/"]}]},{"@type":"ImageObject","inLanguage":"es","@id":"https:\/\/rosefdn.org\/latest\/rose-foundation-en-el-valle-central\/#primaryimage","url":"https:\/\/rosefdn.org\/wp-content\/uploads\/Spring-Print-Newsletter-Header-Photo.jpg","contentUrl":"https:\/\/rosefdn.org\/wp-content\/uploads\/Spring-Print-Newsletter-Header-Photo.jpg","width":1280,"height":960,"caption":"A diverse group of 19 people, including one person in a wheelchair, posed outdoors on a dirt path in front of greenery and autumn-colored trees. They are smiling and dressed in casual clothing suitable for cool weather."},{"@type":"BreadcrumbList","@id":"https:\/\/rosefdn.org\/latest\/rose-foundation-en-el-valle-central\/#breadcrumb","itemListElement":[{"@type":"ListItem","position":1,"name":"Home","item":"https:\/\/rosefdn.org\/"},{"@type":"ListItem","position":2,"name":"Rose Foundation en el Valle Central"}]},{"@type":"WebSite","@id":"https:\/\/rosefdn.org\/#website","url":"https:\/\/rosefdn.org\/","name":"Fundaci\u00f3n Rosa","description":"Las comunidades florecen con la administraci\u00f3n","potentialAction":[{"@type":"SearchAction","target":{"@type":"EntryPoint","urlTemplate":"https:\/\/rosefdn.org\/?s={search_term_string}"},"query-input":{"@type":"PropertyValueSpecification","valueRequired":true,"valueName":"search_term_string"}}],"inLanguage":"es"}]}},"_links":{"self":[{"href":"http:\/\/rosefdn.org\/es\/wp-json\/wp\/v2\/news\/4834","targetHints":{"allow":["GET"]}}],"collection":[{"href":"http:\/\/rosefdn.org\/es\/wp-json\/wp\/v2\/news"}],"about":[{"href":"http:\/\/rosefdn.org\/es\/wp-json\/wp\/v2\/types\/news"}],"wp:featuredmedia":[{"embeddable":true,"href":"http:\/\/rosefdn.org\/es\/wp-json\/wp\/v2\/media\/3990"}],"wp:attachment":[{"href":"http:\/\/rosefdn.org\/es\/wp-json\/wp\/v2\/media?parent=4834"}],"wp:term":[{"taxonomy":"category","embeddable":true,"href":"http:\/\/rosefdn.org\/es\/wp-json\/wp\/v2\/categories?post=4834"},{"taxonomy":"post_tag","embeddable":true,"href":"http:\/\/rosefdn.org\/es\/wp-json\/wp\/v2\/tags?post=4834"},{"taxonomy":"topic","embeddable":true,"href":"http:\/\/rosefdn.org\/es\/wp-json\/wp\/v2\/topic?post=4834"},{"taxonomy":"format","embeddable":true,"href":"http:\/\/rosefdn.org\/es\/wp-json\/wp\/v2\/format?post=4834"}],"curies":[{"name":"wp","href":"https:\/\/api.w.org\/{rel}","templated":true}]}}