{"id":4530,"date":"2012-05-18T16:45:15","date_gmt":"2012-05-18T16:45:15","guid":{"rendered":"https:\/\/rosefdn.org\/latest\/the-early-days-of-rose-foundation\/"},"modified":"2024-05-31T16:30:08","modified_gmt":"2024-05-31T16:30:08","slug":"los-inicios-de-la-fundacion-rose","status":"publish","type":"news","link":"https:\/\/rosefdn.org\/es\/latest\/the-early-days-of-rose-foundation\/","title":{"rendered":"Los inicios de la Fundaci\u00f3n Rose"},"content":{"rendered":"<p class=\"first\">La Fundaci\u00f3n Rose fue fundada por Jill Ratner y Tim Little en 1992. La Fundaci\u00f3n est\u00e1 dedicada a la memoria de Rose Ratner, cuyo ingenio, sabidur\u00eda y compromiso se forjaron en los barrios de Chicago a lo largo de 50 a\u00f1os de activismo comunitario.<\/p>\n<p>Inspirados por Rose, creemos que el cuidado del medio ambiente, la regeneraci\u00f3n de las comunidades, la protecci\u00f3n de los consumidores, una s\u00f3lida participaci\u00f3n ciudadana y una econom\u00eda sana est\u00e1n inextricablemente unidos. Como sociedad, no podemos esperar lograr un progreso econ\u00f3mico duradero a expensas del medio ambiente, los trabajadores o los derechos de la comunidad. Del mismo modo, la protecci\u00f3n duradera del medio ambiente, los consumidores y las comunidades tambi\u00e9n debe basarse en la realidad econ\u00f3mica. La participaci\u00f3n c\u00edvica, especialmente de las comunidades tradicionalmente desfavorecidas, suele ser el catalizador necesario. Las alianzas entre intereses tradicionalmente diversos proporcionan un pegamento fundamental y duradero que une las soluciones sostenibles a largo plazo.<\/p>\n<p><a href=\"https:\/\/vimeo.com\/58561013\">https:\/\/vimeo.com\/58561013<\/a><\/p>\n<p>&nbsp;<\/p>\n<p>&nbsp;<\/p>","protected":false},"excerpt":{"rendered":"<p>Rose Foundation was founded by Jill Ratner and Tim Little in 1992. The Foundation is dedicated to the memory of&hellip;<\/p>","protected":false},"featured_media":3381,"template":"","format":[],"categories":[92],"tags":[],"topic":[],"class_list":["post-4530","news","type-news","status-publish","has-post-thumbnail","hentry","category-video"],"acf":[],"yoast_head":"<!-- This site is optimized with the Yoast SEO plugin v27.5 - https:\/\/yoast.com\/product\/yoast-seo-wordpress\/ -->\n<title>The Early Days of Rose Foundation - Rose Foundation<\/title>\n<meta name=\"description\" content=\"Rose Foundation was founded by Jill Ratner and Tim Little in 1992. The Foundation is dedicated to the memory of Rose Ratner, whose wit, wisdom and\" \/>\n<meta name=\"robots\" content=\"index, follow, max-snippet:-1, max-image-preview:large, max-video-preview:-1\" \/>\n<link rel=\"canonical\" href=\"https:\/\/rosefdn.org\/es\/novedades\/los-inicios-de-la-fundacion-rose\/\" \/>\n<meta property=\"og:locale\" content=\"es_ES\" \/>\n<meta property=\"og:type\" content=\"article\" \/>\n<meta property=\"og:title\" content=\"The Early Days of Rose Foundation - Rose Foundation\" \/>\n<meta property=\"og:description\" content=\"Rose Foundation was founded by Jill Ratner and Tim Little in 1992. The Foundation is dedicated to the memory of Rose Ratner, whose wit, wisdom and\" \/>\n<meta property=\"og:url\" content=\"https:\/\/rosefdn.org\/es\/novedades\/los-inicios-de-la-fundacion-rose\/\" \/>\n<meta property=\"og:site_name\" content=\"Rose Foundation\" \/>\n<meta property=\"article:modified_time\" content=\"2024-05-31T16:30:08+00:00\" \/>\n<meta property=\"og:image\" content=\"https:\/\/rosefdn.org\/wp-content\/uploads\/Rose-2-scaled.jpeg\" \/>\n\t<meta property=\"og:image:width\" content=\"2560\" \/>\n\t<meta property=\"og:image:height\" content=\"2237\" \/>\n\t<meta property=\"og:image:type\" content=\"image\/jpeg\" \/>\n<meta name=\"twitter:card\" content=\"summary_large_image\" \/>\n<meta name=\"twitter:label1\" content=\"Tiempo de lectura\" \/>\n\t<meta name=\"twitter:data1\" content=\"1 minuto\" \/>\n<script type=\"application\/ld+json\" class=\"yoast-schema-graph\">{\"@context\":\"https:\\\/\\\/schema.org\",\"@graph\":[{\"@type\":\"WebPage\",\"@id\":\"https:\\\/\\\/rosefdn.org\\\/latest\\\/the-early-days-of-rose-foundation\\\/\",\"url\":\"https:\\\/\\\/rosefdn.org\\\/latest\\\/the-early-days-of-rose-foundation\\\/\",\"name\":\"The Early Days of Rose Foundation - Rose Foundation\",\"isPartOf\":{\"@id\":\"https:\\\/\\\/rosefdn.org\\\/#website\"},\"primaryImageOfPage\":{\"@id\":\"https:\\\/\\\/rosefdn.org\\\/latest\\\/the-early-days-of-rose-foundation\\\/#primaryimage\"},\"image\":{\"@id\":\"https:\\\/\\\/rosefdn.org\\\/latest\\\/the-early-days-of-rose-foundation\\\/#primaryimage\"},\"thumbnailUrl\":\"https:\\\/\\\/rosefdn.org\\\/wp-content\\\/uploads\\\/Rose-2-scaled.jpeg\",\"datePublished\":\"2012-05-18T16:45:15+00:00\",\"dateModified\":\"2024-05-31T16:30:08+00:00\",\"description\":\"Rose Foundation was founded by Jill Ratner and Tim Little in 1992. The Foundation is dedicated to the memory of Rose Ratner, whose wit, wisdom and\",\"breadcrumb\":{\"@id\":\"https:\\\/\\\/rosefdn.org\\\/latest\\\/the-early-days-of-rose-foundation\\\/#breadcrumb\"},\"inLanguage\":\"es\",\"potentialAction\":[{\"@type\":\"ReadAction\",\"target\":[\"https:\\\/\\\/rosefdn.org\\\/latest\\\/the-early-days-of-rose-foundation\\\/\"]}]},{\"@type\":\"ImageObject\",\"inLanguage\":\"es\",\"@id\":\"https:\\\/\\\/rosefdn.org\\\/latest\\\/the-early-days-of-rose-foundation\\\/#primaryimage\",\"url\":\"https:\\\/\\\/rosefdn.org\\\/wp-content\\\/uploads\\\/Rose-2-scaled.jpeg\",\"contentUrl\":\"https:\\\/\\\/rosefdn.org\\\/wp-content\\\/uploads\\\/Rose-2-scaled.jpeg\",\"width\":2560,\"height\":2237},{\"@type\":\"BreadcrumbList\",\"@id\":\"https:\\\/\\\/rosefdn.org\\\/latest\\\/the-early-days-of-rose-foundation\\\/#breadcrumb\",\"itemListElement\":[{\"@type\":\"ListItem\",\"position\":1,\"name\":\"Home\",\"item\":\"https:\\\/\\\/rosefdn.org\\\/\"},{\"@type\":\"ListItem\",\"position\":2,\"name\":\"The Early Days of Rose Foundation\"}]},{\"@type\":\"WebSite\",\"@id\":\"https:\\\/\\\/rosefdn.org\\\/#website\",\"url\":\"https:\\\/\\\/rosefdn.org\\\/\",\"name\":\"Rose Foundation\",\"description\":\"Communities Flourish With Stewardship\",\"potentialAction\":[{\"@type\":\"SearchAction\",\"target\":{\"@type\":\"EntryPoint\",\"urlTemplate\":\"https:\\\/\\\/rosefdn.org\\\/?s={search_term_string}\"},\"query-input\":{\"@type\":\"PropertyValueSpecification\",\"valueRequired\":true,\"valueName\":\"search_term_string\"}}],\"inLanguage\":\"es\"}]}<\/script>\n<!-- \/ Yoast SEO plugin. -->","yoast_head_json":{"title":"Los inicios de la Fundaci\u00f3n Rose - Fundaci\u00f3n Rose","description":"La Fundaci\u00f3n Rose fue fundada por Jill Ratner y Tim Little en 1992. La Fundaci\u00f3n est\u00e1 dedicada a la memoria de Rose Ratner, cuyo ingenio, sabidur\u00eda e","robots":{"index":"index","follow":"follow","max-snippet":"max-snippet:-1","max-image-preview":"max-image-preview:large","max-video-preview":"max-video-preview:-1"},"canonical":"https:\/\/rosefdn.org\/es\/novedades\/los-inicios-de-la-fundacion-rose\/","og_locale":"es_ES","og_type":"article","og_title":"The Early Days of Rose Foundation - Rose Foundation","og_description":"Rose Foundation was founded by Jill Ratner and Tim Little in 1992. The Foundation is dedicated to the memory of Rose Ratner, whose wit, wisdom and","og_url":"https:\/\/rosefdn.org\/es\/novedades\/los-inicios-de-la-fundacion-rose\/","og_site_name":"Rose Foundation","article_modified_time":"2024-05-31T16:30:08+00:00","og_image":[{"width":2560,"height":2237,"url":"https:\/\/rosefdn.org\/wp-content\/uploads\/Rose-2-scaled.jpeg","type":"image\/jpeg"}],"twitter_card":"summary_large_image","twitter_misc":{"Tiempo de lectura":"1 minuto"},"schema":{"@context":"https:\/\/schema.org","@graph":[{"@type":"WebPage","@id":"https:\/\/rosefdn.org\/latest\/the-early-days-of-rose-foundation\/","url":"https:\/\/rosefdn.org\/latest\/the-early-days-of-rose-foundation\/","name":"Los inicios de la Fundaci\u00f3n Rose - Fundaci\u00f3n Rose","isPartOf":{"@id":"https:\/\/rosefdn.org\/#website"},"primaryImageOfPage":{"@id":"https:\/\/rosefdn.org\/latest\/the-early-days-of-rose-foundation\/#primaryimage"},"image":{"@id":"https:\/\/rosefdn.org\/latest\/the-early-days-of-rose-foundation\/#primaryimage"},"thumbnailUrl":"https:\/\/rosefdn.org\/wp-content\/uploads\/Rose-2-scaled.jpeg","datePublished":"2012-05-18T16:45:15+00:00","dateModified":"2024-05-31T16:30:08+00:00","description":"La Fundaci\u00f3n Rose fue fundada por Jill Ratner y Tim Little en 1992. La Fundaci\u00f3n est\u00e1 dedicada a la memoria de Rose Ratner, cuyo ingenio, sabidur\u00eda e","breadcrumb":{"@id":"https:\/\/rosefdn.org\/latest\/the-early-days-of-rose-foundation\/#breadcrumb"},"inLanguage":"es","potentialAction":[{"@type":"ReadAction","target":["https:\/\/rosefdn.org\/latest\/the-early-days-of-rose-foundation\/"]}]},{"@type":"ImageObject","inLanguage":"es","@id":"https:\/\/rosefdn.org\/latest\/the-early-days-of-rose-foundation\/#primaryimage","url":"https:\/\/rosefdn.org\/wp-content\/uploads\/Rose-2-scaled.jpeg","contentUrl":"https:\/\/rosefdn.org\/wp-content\/uploads\/Rose-2-scaled.jpeg","width":2560,"height":2237},{"@type":"BreadcrumbList","@id":"https:\/\/rosefdn.org\/latest\/the-early-days-of-rose-foundation\/#breadcrumb","itemListElement":[{"@type":"ListItem","position":1,"name":"Home","item":"https:\/\/rosefdn.org\/"},{"@type":"ListItem","position":2,"name":"The Early Days of Rose Foundation"}]},{"@type":"WebSite","@id":"https:\/\/rosefdn.org\/#website","url":"https:\/\/rosefdn.org\/","name":"Fundaci\u00f3n Rosa","description":"Las comunidades florecen con la administraci\u00f3n","potentialAction":[{"@type":"SearchAction","target":{"@type":"EntryPoint","urlTemplate":"https:\/\/rosefdn.org\/?s={search_term_string}"},"query-input":{"@type":"PropertyValueSpecification","valueRequired":true,"valueName":"search_term_string"}}],"inLanguage":"es"}]}},"_links":{"self":[{"href":"https:\/\/rosefdn.org\/es\/wp-json\/wp\/v2\/news\/4530","targetHints":{"allow":["GET"]}}],"collection":[{"href":"https:\/\/rosefdn.org\/es\/wp-json\/wp\/v2\/news"}],"about":[{"href":"https:\/\/rosefdn.org\/es\/wp-json\/wp\/v2\/types\/news"}],"wp:featuredmedia":[{"embeddable":true,"href":"https:\/\/rosefdn.org\/es\/wp-json\/wp\/v2\/media\/3381"}],"wp:attachment":[{"href":"https:\/\/rosefdn.org\/es\/wp-json\/wp\/v2\/media?parent=4530"}],"wp:term":[{"taxonomy":"category","embeddable":true,"href":"https:\/\/rosefdn.org\/es\/wp-json\/wp\/v2\/categories?post=4530"},{"taxonomy":"post_tag","embeddable":true,"href":"https:\/\/rosefdn.org\/es\/wp-json\/wp\/v2\/tags?post=4530"},{"taxonomy":"topic","embeddable":true,"href":"https:\/\/rosefdn.org\/es\/wp-json\/wp\/v2\/topic?post=4530"},{"taxonomy":"format","embeddable":true,"href":"https:\/\/rosefdn.org\/es\/wp-json\/wp\/v2\/format?post=4530"}],"curies":[{"name":"wp","href":"https:\/\/api.w.org\/{rel}","templated":true}]}}