{"id":4675,"date":"2016-06-03T19:37:18","date_gmt":"2016-06-03T19:37:18","guid":{"rendered":"https:\/\/rosefdn.org\/latest\/support-a-new-voice-for-oakland\/"},"modified":"2024-05-31T16:30:42","modified_gmt":"2024-05-31T16:30:42","slug":"apoya-una-nueva-voz-para-oakland","status":"publish","type":"news","link":"https:\/\/rosefdn.org\/es\/latest\/support-a-new-voice-for-oakland\/","title":{"rendered":"Apoye a Una nueva voz para Oakland"},"content":{"rendered":"<p><strong>Nate es de South Lyon, un suburbio a las afueras de Detroit.<\/strong> Nate creci\u00f3 rodeado de lagos y bosques y cultiv\u00f3 una estrecha relaci\u00f3n con la naturaleza. Los problemas medioambientales, como la contaminaci\u00f3n, no le preocupaban demasiado.<\/p>\n<p><img decoding=\"async\" class=\"alignleft wp-image-27477\" src=\"\/wp-content\/uploads\/IMG_8786-315x420.jpg\" alt=\"Nate Henderson\" width=\"225\" height=\"300\" \/>Pero a mitad de sus a\u00f1os de instituto, Nate se encontr\u00f3 de repente viviendo en Oakland, California. Uno de sus primeros recuerdos de Oakland es cerrar la ventana y ver holl\u00edn en el alf\u00e9izar. <strong>\"Me alarm\u00e9 y me afect\u00f3 directamente\", dijo Nate. \"Me di cuenta de por qu\u00e9 estaba aqu\u00ed\".<\/strong><\/p>\n<p><strong>Nate es un <em>Surgen nuevas voces<\/em> y pronto se unir\u00e1 a una cohorte de otros 15 estudiantes en nuestra Academia de Verano de Liderazgo para la Justicia Clim\u00e1tica. <\/strong>Este verano, Nate continuar\u00e1 desarrollando sus conocimientos sobre cuestiones medioambientales que afectan a los residentes de Oakland, como el cambio clim\u00e1tico, la resiliencia, la justicia alimentaria, etc.<\/p>\n<p><strong>Pero Nate necesita tu ayuda.<\/strong> Necesitamos recaudar $15.000 antes del 27 de junio para apoyar a nuestros j\u00f3venes l\u00edderes durante la Academia de Liderazgo por la Justicia Clim\u00e1tica de este verano.<\/p>\n<p><a href=\"\/\/summerclimatejusticeacademy2016.causevox.com\/\"><strong>Done hoy y apoye a Nate y a nuestro <em>Surgen nuevas voces<\/em> a los l\u00edderes juveniles en su trabajo por una Oakland m\u00e1s saludable para todos.<\/strong><\/a><\/p>\n<p>Atentamente,<\/p>\n<p>Jill Ratner<br \/>\n<em>Surgen nuevas voces<\/em> Director del programa<\/p>\n<p><a href=\"\/\/summerclimatejusticeacademy2016.causevox.com\/\"><img decoding=\"async\" class=\"size-full wp-image-27588 aligncenter\" src=\"\/wp-content\/uploads\/LargerDonate.jpg\" alt=\"Dona Banner\" width=\"400\" height=\"46\" \/><\/a><\/p>","protected":false},"excerpt":{"rendered":"<p>Nate es becario de New Voices Are Rising y pronto se unir\u00e1 a un grupo de otros 15 estudiantes en nuestra Academia de Verano de Liderazgo por la Justicia Clim\u00e1tica. Nate necesita tu ayuda para recaudar $15.000 para apoyar a los j\u00f3venes l\u00edderes este verano.<\/p>","protected":false},"featured_media":3660,"template":"","format":[],"categories":[85],"tags":[106],"topic":[],"class_list":["post-4675","news","type-news","status-publish","has-post-thumbnail","hentry","category-new-voices-are-risingnews-features","tag-2016-crowdfunding-campaignnew-voices-are-rising"],"acf":[],"yoast_head":"<!-- This site is optimized with the Yoast SEO plugin v27.5 - https:\/\/yoast.com\/product\/yoast-seo-wordpress\/ -->\n<title>Support A New Voice for Oakland - Rose Foundation<\/title>\n<meta name=\"description\" content=\"Nate is a New Voices Are Rising Fellow and will soon join a cohort of 15 other students for our Summer Climate Justice Leadership Academy. Nate needs your help to raise $15,000 to support youth leaders this summer.\" \/>\n<meta name=\"robots\" content=\"index, follow, max-snippet:-1, max-image-preview:large, max-video-preview:-1\" \/>\n<link rel=\"canonical\" href=\"https:\/\/rosefdn.org\/es\/novedades\/apoya-una-nueva-voz-para-oakland\/\" \/>\n<meta property=\"og:locale\" content=\"es_ES\" \/>\n<meta property=\"og:type\" content=\"article\" \/>\n<meta property=\"og:title\" content=\"Support A New Voice for Oakland - Rose Foundation\" \/>\n<meta property=\"og:description\" content=\"Nate is a New Voices Are Rising Fellow and will soon join a cohort of 15 other students for our Summer Climate Justice Leadership Academy. Nate needs your help to raise $15,000 to support youth leaders this summer.\" \/>\n<meta property=\"og:url\" content=\"https:\/\/rosefdn.org\/es\/novedades\/apoya-una-nueva-voz-para-oakland\/\" \/>\n<meta property=\"og:site_name\" content=\"Rose Foundation\" \/>\n<meta property=\"article:modified_time\" content=\"2024-05-31T16:30:42+00:00\" \/>\n<meta property=\"og:image\" content=\"https:\/\/rosefdn.org\/wp-content\/uploads\/IMG_8786-scaled.jpg\" \/>\n\t<meta property=\"og:image:width\" content=\"1920\" \/>\n\t<meta property=\"og:image:height\" content=\"2560\" \/>\n\t<meta property=\"og:image:type\" content=\"image\/jpeg\" \/>\n<meta name=\"twitter:card\" content=\"summary_large_image\" \/>\n<meta name=\"twitter:label1\" content=\"Tiempo de lectura\" \/>\n\t<meta name=\"twitter:data1\" content=\"1 minuto\" \/>\n<script type=\"application\/ld+json\" class=\"yoast-schema-graph\">{\"@context\":\"https:\\\/\\\/schema.org\",\"@graph\":[{\"@type\":\"WebPage\",\"@id\":\"https:\\\/\\\/rosefdn.org\\\/latest\\\/support-a-new-voice-for-oakland\\\/\",\"url\":\"https:\\\/\\\/rosefdn.org\\\/latest\\\/support-a-new-voice-for-oakland\\\/\",\"name\":\"Support A New Voice for Oakland - Rose Foundation\",\"isPartOf\":{\"@id\":\"https:\\\/\\\/rosefdn.org\\\/#website\"},\"primaryImageOfPage\":{\"@id\":\"https:\\\/\\\/rosefdn.org\\\/latest\\\/support-a-new-voice-for-oakland\\\/#primaryimage\"},\"image\":{\"@id\":\"https:\\\/\\\/rosefdn.org\\\/latest\\\/support-a-new-voice-for-oakland\\\/#primaryimage\"},\"thumbnailUrl\":\"https:\\\/\\\/rosefdn.org\\\/wp-content\\\/uploads\\\/IMG_8786-scaled.jpg\",\"datePublished\":\"2016-06-03T19:37:18+00:00\",\"dateModified\":\"2024-05-31T16:30:42+00:00\",\"description\":\"Nate is a New Voices Are Rising Fellow and will soon join a cohort of 15 other students for our Summer Climate Justice Leadership Academy. Nate needs your help to raise $15,000 to support youth leaders this summer.\",\"breadcrumb\":{\"@id\":\"https:\\\/\\\/rosefdn.org\\\/latest\\\/support-a-new-voice-for-oakland\\\/#breadcrumb\"},\"inLanguage\":\"es\",\"potentialAction\":[{\"@type\":\"ReadAction\",\"target\":[\"https:\\\/\\\/rosefdn.org\\\/latest\\\/support-a-new-voice-for-oakland\\\/\"]}]},{\"@type\":\"ImageObject\",\"inLanguage\":\"es\",\"@id\":\"https:\\\/\\\/rosefdn.org\\\/latest\\\/support-a-new-voice-for-oakland\\\/#primaryimage\",\"url\":\"https:\\\/\\\/rosefdn.org\\\/wp-content\\\/uploads\\\/IMG_8786-scaled.jpg\",\"contentUrl\":\"https:\\\/\\\/rosefdn.org\\\/wp-content\\\/uploads\\\/IMG_8786-scaled.jpg\",\"width\":1920,\"height\":2560},{\"@type\":\"BreadcrumbList\",\"@id\":\"https:\\\/\\\/rosefdn.org\\\/latest\\\/support-a-new-voice-for-oakland\\\/#breadcrumb\",\"itemListElement\":[{\"@type\":\"ListItem\",\"position\":1,\"name\":\"Home\",\"item\":\"https:\\\/\\\/rosefdn.org\\\/\"},{\"@type\":\"ListItem\",\"position\":2,\"name\":\"Support A New Voice for Oakland\"}]},{\"@type\":\"WebSite\",\"@id\":\"https:\\\/\\\/rosefdn.org\\\/#website\",\"url\":\"https:\\\/\\\/rosefdn.org\\\/\",\"name\":\"Rose Foundation\",\"description\":\"Communities Flourish With Stewardship\",\"potentialAction\":[{\"@type\":\"SearchAction\",\"target\":{\"@type\":\"EntryPoint\",\"urlTemplate\":\"https:\\\/\\\/rosefdn.org\\\/?s={search_term_string}\"},\"query-input\":{\"@type\":\"PropertyValueSpecification\",\"valueRequired\":true,\"valueName\":\"search_term_string\"}}],\"inLanguage\":\"es\"}]}<\/script>\n<!-- \/ Yoast SEO plugin. -->","yoast_head_json":{"title":"Apoyo a Una nueva voz para Oakland - Fundaci\u00f3n Rose","description":"Nate es becario de New Voices Are Rising y pronto se unir\u00e1 a un grupo de otros 15 estudiantes en nuestra Academia de Verano de Liderazgo por la Justicia Clim\u00e1tica. Nate necesita tu ayuda para recaudar $15.000 para apoyar a los j\u00f3venes l\u00edderes este verano.","robots":{"index":"index","follow":"follow","max-snippet":"max-snippet:-1","max-image-preview":"max-image-preview:large","max-video-preview":"max-video-preview:-1"},"canonical":"https:\/\/rosefdn.org\/es\/novedades\/apoya-una-nueva-voz-para-oakland\/","og_locale":"es_ES","og_type":"article","og_title":"Support A New Voice for Oakland - Rose Foundation","og_description":"Nate is a New Voices Are Rising Fellow and will soon join a cohort of 15 other students for our Summer Climate Justice Leadership Academy. Nate needs your help to raise $15,000 to support youth leaders this summer.","og_url":"https:\/\/rosefdn.org\/es\/novedades\/apoya-una-nueva-voz-para-oakland\/","og_site_name":"Rose Foundation","article_modified_time":"2024-05-31T16:30:42+00:00","og_image":[{"width":1920,"height":2560,"url":"https:\/\/rosefdn.org\/wp-content\/uploads\/IMG_8786-scaled.jpg","type":"image\/jpeg"}],"twitter_card":"summary_large_image","twitter_misc":{"Tiempo de lectura":"1 minuto"},"schema":{"@context":"https:\/\/schema.org","@graph":[{"@type":"WebPage","@id":"https:\/\/rosefdn.org\/latest\/support-a-new-voice-for-oakland\/","url":"https:\/\/rosefdn.org\/latest\/support-a-new-voice-for-oakland\/","name":"Apoyo a Una nueva voz para Oakland - Fundaci\u00f3n Rose","isPartOf":{"@id":"https:\/\/rosefdn.org\/#website"},"primaryImageOfPage":{"@id":"https:\/\/rosefdn.org\/latest\/support-a-new-voice-for-oakland\/#primaryimage"},"image":{"@id":"https:\/\/rosefdn.org\/latest\/support-a-new-voice-for-oakland\/#primaryimage"},"thumbnailUrl":"https:\/\/rosefdn.org\/wp-content\/uploads\/IMG_8786-scaled.jpg","datePublished":"2016-06-03T19:37:18+00:00","dateModified":"2024-05-31T16:30:42+00:00","description":"Nate es becario de New Voices Are Rising y pronto se unir\u00e1 a un grupo de otros 15 estudiantes en nuestra Academia de Verano de Liderazgo por la Justicia Clim\u00e1tica. Nate necesita tu ayuda para recaudar $15.000 para apoyar a los j\u00f3venes l\u00edderes este verano.","breadcrumb":{"@id":"https:\/\/rosefdn.org\/latest\/support-a-new-voice-for-oakland\/#breadcrumb"},"inLanguage":"es","potentialAction":[{"@type":"ReadAction","target":["https:\/\/rosefdn.org\/latest\/support-a-new-voice-for-oakland\/"]}]},{"@type":"ImageObject","inLanguage":"es","@id":"https:\/\/rosefdn.org\/latest\/support-a-new-voice-for-oakland\/#primaryimage","url":"https:\/\/rosefdn.org\/wp-content\/uploads\/IMG_8786-scaled.jpg","contentUrl":"https:\/\/rosefdn.org\/wp-content\/uploads\/IMG_8786-scaled.jpg","width":1920,"height":2560},{"@type":"BreadcrumbList","@id":"https:\/\/rosefdn.org\/latest\/support-a-new-voice-for-oakland\/#breadcrumb","itemListElement":[{"@type":"ListItem","position":1,"name":"Home","item":"https:\/\/rosefdn.org\/"},{"@type":"ListItem","position":2,"name":"Support A New Voice for Oakland"}]},{"@type":"WebSite","@id":"https:\/\/rosefdn.org\/#website","url":"https:\/\/rosefdn.org\/","name":"Fundaci\u00f3n Rosa","description":"Las comunidades florecen con la administraci\u00f3n","potentialAction":[{"@type":"SearchAction","target":{"@type":"EntryPoint","urlTemplate":"https:\/\/rosefdn.org\/?s={search_term_string}"},"query-input":{"@type":"PropertyValueSpecification","valueRequired":true,"valueName":"search_term_string"}}],"inLanguage":"es"}]}},"_links":{"self":[{"href":"https:\/\/rosefdn.org\/es\/wp-json\/wp\/v2\/news\/4675","targetHints":{"allow":["GET"]}}],"collection":[{"href":"https:\/\/rosefdn.org\/es\/wp-json\/wp\/v2\/news"}],"about":[{"href":"https:\/\/rosefdn.org\/es\/wp-json\/wp\/v2\/types\/news"}],"wp:featuredmedia":[{"embeddable":true,"href":"https:\/\/rosefdn.org\/es\/wp-json\/wp\/v2\/media\/3660"}],"wp:attachment":[{"href":"https:\/\/rosefdn.org\/es\/wp-json\/wp\/v2\/media?parent=4675"}],"wp:term":[{"taxonomy":"category","embeddable":true,"href":"https:\/\/rosefdn.org\/es\/wp-json\/wp\/v2\/categories?post=4675"},{"taxonomy":"post_tag","embeddable":true,"href":"https:\/\/rosefdn.org\/es\/wp-json\/wp\/v2\/tags?post=4675"},{"taxonomy":"topic","embeddable":true,"href":"https:\/\/rosefdn.org\/es\/wp-json\/wp\/v2\/topic?post=4675"},{"taxonomy":"format","embeddable":true,"href":"https:\/\/rosefdn.org\/es\/wp-json\/wp\/v2\/format?post=4675"}],"curies":[{"name":"wp","href":"https:\/\/api.w.org\/{rel}","templated":true}]}}