{"id":4929,"date":"2021-05-20T12:00:46","date_gmt":"2021-05-20T12:00:46","guid":{"rendered":"https:\/\/rosefdn.org\/latest\/support-youth-building-collective-power-for-climate-justice\/"},"modified":"2024-05-31T16:33:35","modified_gmt":"2024-05-31T16:33:35","slug":"apoyar-a-los-jovenes-que-construyen-un-poder-colectivo-por-la-justicia-climatica","status":"publish","type":"news","link":"https:\/\/rosefdn.org\/es\/latest\/support-youth-building-collective-power-for-climate-justice\/","title":{"rendered":"\u00a1Apoya a los j\u00f3venes que construyen el poder colectivo por la justicia clim\u00e1tica!"},"content":{"rendered":"<p><a href=\"\/es\/BuildYouthPower\/\" target=\"_blank\" rel=\"noopener\"><img decoding=\"async\" class=\"wp-image-37097 aligncenter\" src=\"\/wp-content\/uploads\/2021-NVR-Crowdfund-Graphic-photos.jpg\" alt=\"\u00a1Ayude a recaudar $25.000 para la Academia de Verano 2021 de Nuevas Voces!\" width=\"350\" height=\"350\"><\/a><\/p>\n<p><a href=\"\/es\/BuildYouthPower\/\" target=\"_blank\" rel=\"noopener\"><strong>Nuestra <em>Nuevas voces<\/em> \u00a1Acaba de lanzarse el crowdfunding!<\/strong><\/a> \u00a1Ayuda a recaudar $25.000 para la Academia virtual de Verano 2021 de Liderazgo en Justicia Clim\u00e1tica de New Voices!<\/p>\n<p><img decoding=\"async\" class=\"aligncenter wp-image-37101\" src=\"\/wp-content\/uploads\/Join-the-Crowdfund-button.jpg\" alt=\"\u00danete al crowdfunding\" width=\"125\" height=\"54\"><\/p>\n<p>Esta Academia de Verano especial ha crecido hasta incluir a 24 estudiantes de secundaria de color procedentes de comunidades de primera l\u00ednea de toda el \u00c1rea de la Bah\u00eda. Tu donaci\u00f3n ayudar\u00e1 a los j\u00f3venes l\u00edderes a CONECTARSE entre ciudades y con los problemas medioambientales que afectan a sus comunidades; APRENDER unos de otros y a trav\u00e9s de ponentes invitados, actividades pr\u00e1cticas y excursiones virtuales; ACTUAR por la salud y el bienestar de sus comunidades y del medio ambiente local; y LIDERAR el movimiento por un futuro con justicia clim\u00e1tica.<\/p>","protected":false},"excerpt":{"rendered":"<p>\u00a1Nuestro Crowdfunding de Nuevas Voces acaba de lanzarse! Ayuda a recaudar $25,000 para la Academia de Liderazgo de Justicia Clim\u00e1tica de Verano 2021 virtual de New Voices. \u00danete al crowdfunding y apoya a los j\u00f3venes l\u00edderes medioambientales hoy mismo.<\/p>","protected":false},"featured_media":4185,"template":"","format":[],"categories":[85],"tags":[73],"topic":[],"class_list":["post-4929","news","type-news","status-publish","has-post-thumbnail","hentry","category-new-voices-are-risingnews-features","tag-new-voices-are-rising"],"acf":[],"yoast_head":"<!-- This site is optimized with the Yoast SEO plugin v27.5 - https:\/\/yoast.com\/product\/yoast-seo-wordpress\/ -->\n<title>Support Youth Building Collective Power for Climate Justice! - Rose Foundation<\/title>\n<meta name=\"description\" content=\"Our New Voices Crowdfund just launched! Help raise $25,000 for New Voices\u2019 virtual 2021 Summer Climate Justice Leadership Academy. Join the Crowdfund and support young environmental leaders today!\" \/>\n<meta name=\"robots\" content=\"index, follow, max-snippet:-1, max-image-preview:large, max-video-preview:-1\" \/>\n<link rel=\"canonical\" href=\"https:\/\/rosefdn.org\/es\/novedades\/apoyar-a-los-jovenes-que-construyen-un-poder-colectivo-por-la-justicia-climatica\/\" \/>\n<meta property=\"og:locale\" content=\"es_ES\" \/>\n<meta property=\"og:type\" content=\"article\" \/>\n<meta property=\"og:title\" content=\"Support Youth Building Collective Power for Climate Justice! - Rose Foundation\" \/>\n<meta property=\"og:description\" content=\"Our New Voices Crowdfund just launched! Help raise $25,000 for New Voices\u2019 virtual 2021 Summer Climate Justice Leadership Academy. Join the Crowdfund and support young environmental leaders today!\" \/>\n<meta property=\"og:url\" content=\"https:\/\/rosefdn.org\/es\/novedades\/apoyar-a-los-jovenes-que-construyen-un-poder-colectivo-por-la-justicia-climatica\/\" \/>\n<meta property=\"og:site_name\" content=\"Rose Foundation\" \/>\n<meta property=\"article:modified_time\" content=\"2024-05-31T16:33:35+00:00\" \/>\n<meta property=\"og:image\" content=\"https:\/\/rosefdn.org\/wp-content\/uploads\/2021-NVR-Crowdfund-Graphic-photos.jpg\" \/>\n\t<meta property=\"og:image:width\" content=\"1080\" \/>\n\t<meta property=\"og:image:height\" content=\"1080\" \/>\n\t<meta property=\"og:image:type\" content=\"image\/jpeg\" \/>\n<meta name=\"twitter:card\" content=\"summary_large_image\" \/>\n<script type=\"application\/ld+json\" class=\"yoast-schema-graph\">{\"@context\":\"https:\\\/\\\/schema.org\",\"@graph\":[{\"@type\":\"WebPage\",\"@id\":\"https:\\\/\\\/rosefdn.org\\\/latest\\\/support-youth-building-collective-power-for-climate-justice\\\/\",\"url\":\"https:\\\/\\\/rosefdn.org\\\/latest\\\/support-youth-building-collective-power-for-climate-justice\\\/\",\"name\":\"Support Youth Building Collective Power for Climate Justice! - Rose Foundation\",\"isPartOf\":{\"@id\":\"https:\\\/\\\/rosefdn.org\\\/#website\"},\"primaryImageOfPage\":{\"@id\":\"https:\\\/\\\/rosefdn.org\\\/latest\\\/support-youth-building-collective-power-for-climate-justice\\\/#primaryimage\"},\"image\":{\"@id\":\"https:\\\/\\\/rosefdn.org\\\/latest\\\/support-youth-building-collective-power-for-climate-justice\\\/#primaryimage\"},\"thumbnailUrl\":\"https:\\\/\\\/rosefdn.org\\\/wp-content\\\/uploads\\\/2021-NVR-Crowdfund-Graphic-photos.jpg\",\"datePublished\":\"2021-05-20T12:00:46+00:00\",\"dateModified\":\"2024-05-31T16:33:35+00:00\",\"description\":\"Our New Voices Crowdfund just launched! Help raise $25,000 for New Voices\u2019 virtual 2021 Summer Climate Justice Leadership Academy. Join the Crowdfund and support young environmental leaders today!\",\"breadcrumb\":{\"@id\":\"https:\\\/\\\/rosefdn.org\\\/latest\\\/support-youth-building-collective-power-for-climate-justice\\\/#breadcrumb\"},\"inLanguage\":\"es\",\"potentialAction\":[{\"@type\":\"ReadAction\",\"target\":[\"https:\\\/\\\/rosefdn.org\\\/latest\\\/support-youth-building-collective-power-for-climate-justice\\\/\"]}]},{\"@type\":\"ImageObject\",\"inLanguage\":\"es\",\"@id\":\"https:\\\/\\\/rosefdn.org\\\/latest\\\/support-youth-building-collective-power-for-climate-justice\\\/#primaryimage\",\"url\":\"https:\\\/\\\/rosefdn.org\\\/wp-content\\\/uploads\\\/2021-NVR-Crowdfund-Graphic-photos.jpg\",\"contentUrl\":\"https:\\\/\\\/rosefdn.org\\\/wp-content\\\/uploads\\\/2021-NVR-Crowdfund-Graphic-photos.jpg\",\"width\":1080,\"height\":1080},{\"@type\":\"BreadcrumbList\",\"@id\":\"https:\\\/\\\/rosefdn.org\\\/latest\\\/support-youth-building-collective-power-for-climate-justice\\\/#breadcrumb\",\"itemListElement\":[{\"@type\":\"ListItem\",\"position\":1,\"name\":\"Home\",\"item\":\"https:\\\/\\\/rosefdn.org\\\/\"},{\"@type\":\"ListItem\",\"position\":2,\"name\":\"Support Youth Building Collective Power for Climate Justice!\"}]},{\"@type\":\"WebSite\",\"@id\":\"https:\\\/\\\/rosefdn.org\\\/#website\",\"url\":\"https:\\\/\\\/rosefdn.org\\\/\",\"name\":\"Rose Foundation\",\"description\":\"Communities Flourish With Stewardship\",\"potentialAction\":[{\"@type\":\"SearchAction\",\"target\":{\"@type\":\"EntryPoint\",\"urlTemplate\":\"https:\\\/\\\/rosefdn.org\\\/?s={search_term_string}\"},\"query-input\":{\"@type\":\"PropertyValueSpecification\",\"valueRequired\":true,\"valueName\":\"search_term_string\"}}],\"inLanguage\":\"es\"}]}<\/script>\n<!-- \/ Yoast SEO plugin. -->","yoast_head_json":{"title":"Apoya a los j\u00f3venes en la construcci\u00f3n del poder colectivo por la justicia clim\u00e1tica - Fundaci\u00f3n Rosa","description":"\u00a1Nuestro Crowdfunding de Nuevas Voces acaba de lanzarse! Ayuda a recaudar $25,000 para la Academia de Liderazgo de Justicia Clim\u00e1tica de Verano 2021 virtual de New Voices. \u00danete al crowdfunding y apoya a los j\u00f3venes l\u00edderes medioambientales hoy mismo.","robots":{"index":"index","follow":"follow","max-snippet":"max-snippet:-1","max-image-preview":"max-image-preview:large","max-video-preview":"max-video-preview:-1"},"canonical":"https:\/\/rosefdn.org\/es\/novedades\/apoyar-a-los-jovenes-que-construyen-un-poder-colectivo-por-la-justicia-climatica\/","og_locale":"es_ES","og_type":"article","og_title":"Support Youth Building Collective Power for Climate Justice! - Rose Foundation","og_description":"Our New Voices Crowdfund just launched! Help raise $25,000 for New Voices\u2019 virtual 2021 Summer Climate Justice Leadership Academy. Join the Crowdfund and support young environmental leaders today!","og_url":"https:\/\/rosefdn.org\/es\/novedades\/apoyar-a-los-jovenes-que-construyen-un-poder-colectivo-por-la-justicia-climatica\/","og_site_name":"Rose Foundation","article_modified_time":"2024-05-31T16:33:35+00:00","og_image":[{"width":1080,"height":1080,"url":"https:\/\/rosefdn.org\/wp-content\/uploads\/2021-NVR-Crowdfund-Graphic-photos.jpg","type":"image\/jpeg"}],"twitter_card":"summary_large_image","schema":{"@context":"https:\/\/schema.org","@graph":[{"@type":"WebPage","@id":"https:\/\/rosefdn.org\/latest\/support-youth-building-collective-power-for-climate-justice\/","url":"https:\/\/rosefdn.org\/latest\/support-youth-building-collective-power-for-climate-justice\/","name":"Apoya a los j\u00f3venes en la construcci\u00f3n del poder colectivo por la justicia clim\u00e1tica - Fundaci\u00f3n Rosa","isPartOf":{"@id":"https:\/\/rosefdn.org\/#website"},"primaryImageOfPage":{"@id":"https:\/\/rosefdn.org\/latest\/support-youth-building-collective-power-for-climate-justice\/#primaryimage"},"image":{"@id":"https:\/\/rosefdn.org\/latest\/support-youth-building-collective-power-for-climate-justice\/#primaryimage"},"thumbnailUrl":"https:\/\/rosefdn.org\/wp-content\/uploads\/2021-NVR-Crowdfund-Graphic-photos.jpg","datePublished":"2021-05-20T12:00:46+00:00","dateModified":"2024-05-31T16:33:35+00:00","description":"\u00a1Nuestro Crowdfunding de Nuevas Voces acaba de lanzarse! Ayuda a recaudar $25,000 para la Academia de Liderazgo de Justicia Clim\u00e1tica de Verano 2021 virtual de New Voices. \u00danete al crowdfunding y apoya a los j\u00f3venes l\u00edderes medioambientales hoy mismo.","breadcrumb":{"@id":"https:\/\/rosefdn.org\/latest\/support-youth-building-collective-power-for-climate-justice\/#breadcrumb"},"inLanguage":"es","potentialAction":[{"@type":"ReadAction","target":["https:\/\/rosefdn.org\/latest\/support-youth-building-collective-power-for-climate-justice\/"]}]},{"@type":"ImageObject","inLanguage":"es","@id":"https:\/\/rosefdn.org\/latest\/support-youth-building-collective-power-for-climate-justice\/#primaryimage","url":"https:\/\/rosefdn.org\/wp-content\/uploads\/2021-NVR-Crowdfund-Graphic-photos.jpg","contentUrl":"https:\/\/rosefdn.org\/wp-content\/uploads\/2021-NVR-Crowdfund-Graphic-photos.jpg","width":1080,"height":1080},{"@type":"BreadcrumbList","@id":"https:\/\/rosefdn.org\/latest\/support-youth-building-collective-power-for-climate-justice\/#breadcrumb","itemListElement":[{"@type":"ListItem","position":1,"name":"Home","item":"https:\/\/rosefdn.org\/"},{"@type":"ListItem","position":2,"name":"Support Youth Building Collective Power for Climate Justice!"}]},{"@type":"WebSite","@id":"https:\/\/rosefdn.org\/#website","url":"https:\/\/rosefdn.org\/","name":"Fundaci\u00f3n Rosa","description":"Las comunidades florecen con la administraci\u00f3n","potentialAction":[{"@type":"SearchAction","target":{"@type":"EntryPoint","urlTemplate":"https:\/\/rosefdn.org\/?s={search_term_string}"},"query-input":{"@type":"PropertyValueSpecification","valueRequired":true,"valueName":"search_term_string"}}],"inLanguage":"es"}]}},"_links":{"self":[{"href":"https:\/\/rosefdn.org\/es\/wp-json\/wp\/v2\/news\/4929","targetHints":{"allow":["GET"]}}],"collection":[{"href":"https:\/\/rosefdn.org\/es\/wp-json\/wp\/v2\/news"}],"about":[{"href":"https:\/\/rosefdn.org\/es\/wp-json\/wp\/v2\/types\/news"}],"wp:featuredmedia":[{"embeddable":true,"href":"https:\/\/rosefdn.org\/es\/wp-json\/wp\/v2\/media\/4185"}],"wp:attachment":[{"href":"https:\/\/rosefdn.org\/es\/wp-json\/wp\/v2\/media?parent=4929"}],"wp:term":[{"taxonomy":"category","embeddable":true,"href":"https:\/\/rosefdn.org\/es\/wp-json\/wp\/v2\/categories?post=4929"},{"taxonomy":"post_tag","embeddable":true,"href":"https:\/\/rosefdn.org\/es\/wp-json\/wp\/v2\/tags?post=4929"},{"taxonomy":"topic","embeddable":true,"href":"https:\/\/rosefdn.org\/es\/wp-json\/wp\/v2\/topic?post=4929"},{"taxonomy":"format","embeddable":true,"href":"https:\/\/rosefdn.org\/es\/wp-json\/wp\/v2\/format?post=4929"}],"curies":[{"name":"wp","href":"https:\/\/api.w.org\/{rel}","templated":true}]}}