{"id":4949,"date":"2021-08-13T22:25:12","date_gmt":"2021-08-13T22:25:12","guid":{"rendered":"https:\/\/rosefdn.org\/latest\/summer-in-review\/"},"modified":"2024-05-31T16:33:50","modified_gmt":"2024-05-31T16:33:50","slug":"resumen-del-verano","status":"publish","type":"news","link":"https:\/\/rosefdn.org\/es\/latest\/summer-in-review\/","title":{"rendered":"Resumen del verano"},"content":{"rendered":"<p><img decoding=\"async\" class=\"size-medium wp-image-37214 aligncenter\" src=\"\/wp-content\/uploads\/Mars-Keith.jpg\" alt=\"Coordinador del programa Mars Keith\" width=\"315\" height=\"420\" \/><\/p>\n<p style=\"text-align: center;\">Mars, nuestra Coordinadora del Programa de la Academia de Verano<\/p>\n<p><span style=\"font-family: georgia, palatino, serif; font-size: 12pt;\">La Cumbre Comunitaria de Nuevas Voces celebrada en julio marc\u00f3 el final de la Academia de Verano de Liderazgo en Justicia Clim\u00e1tica. Nos inspir\u00f3 la pasi\u00f3n que mostraron nuestros participantes en la Academia de Verano al compartir los temas locales de justicia clim\u00e1tica que aprendieron a lo largo del programa de 6 semanas. Para saber m\u00e1s sobre el \u00e9xito de este programa virtual reci\u00e9n ampliado, hablamos con Mars Keith, coordinador del programa.<\/span><\/p>\n<p><span style=\"font-family: georgia, palatino, serif; font-size: 12pt;\"><b>Mars, este ha sido tu primer verano como coordinadora de programas para Nuevas Voces. C\u00f3mo fue para ti la Academia de Verano 2021?<\/b><\/span><\/p>\n<p><span style=\"font-weight: 400; font-family: georgia, palatino, serif; font-size: 12pt;\">La Academia de Verano 2021 fue una gran experiencia por ser mi primera vez y el primer programa virtual que he ayudado a dirigir. Creo que he aprendido mucho sobre lo que significa dirigir un programa virtual para j\u00f3venes. Ya sea proporcionando a los j\u00f3venes los recursos adecuados para poder participar en un programa virtual como un dispositivo de trabajo y wifi, o asegur\u00e1ndose de que los j\u00f3venes se establecen en el hogar con las comidas y los productos adecuados. Hay muchos aspectos de la gesti\u00f3n de programas virtuales que creo que algunas organizaciones no entienden.\u00a0<\/span><\/p>\n<p><span style=\"font-family: georgia, palatino, serif; font-size: 12pt;\"><b>Describa un d\u00eda en la vida de un estudiante de la Academia de Verano<\/b><\/span><\/p>\n<p><span style=\"font-weight: 400; font-family: georgia, palatino, serif; font-size: 12pt;\">Un d\u00eda en la vida de un estudiante de la Academia de Verano probablemente empezar\u00eda con su despertar por la ma\u00f1ana. Puede que desayunen, y luego tendr\u00edan unas horas del d\u00eda para prepararse o para ocuparse de cosas de su vida. Alrededor de la 1:00 pm nuestros j\u00f3venes se suben al zoom con nosotros y dependiendo de la semana aprender\u00e1n sobre un tema diferente en torno a la justicia ambiental y social. Despu\u00e9s de unas dos horas de lecciones interactivas y presentaciones de oradores invitados o del personal de la Academia de Verano, es posible que pasemos a un kahoot, que es un juego virtual que te permite competir con tus compa\u00f1eros de clase para ver cu\u00e1ntos conocimientos ha aprendido el grupo. Despu\u00e9s del juego y de algunos anuncios, los j\u00f3venes reciben experimentos y proyectos que pueden realizar despu\u00e9s del zoom. Pueden hacer estas cosas en su propio tiempo o en PODS que son grupos en los que los j\u00f3venes se colocan cada semana para llegar a conocer a diferentes j\u00f3venes en el grupo m\u00e1s grande un poco m\u00e1s personalmente. Estos PODs est\u00e1n dirigidos por l\u00edderes de POD que son j\u00f3venes que han formado parte de nuestro programa anteriormente y han vuelto para ayudar a otros estudiantes del programa. Despu\u00e9s de que nuestros estudiantes hacen sus experimentos o proyectos, tienen el resto del d\u00eda para ellos.\u00a0<\/span><\/p>\n<p><span style=\"font-family: georgia, palatino, serif; font-size: 12pt;\"><b>\u00bfDe qu\u00e9 manera cree que la Academia de Verano ha influido en la vida de los estudiantes?<\/b><\/span><\/p>\n<p><span style=\"font-weight: 400; font-family: georgia, palatino, serif; font-size: 12pt;\">La Academia de Verano ha influido en la vida de nuestros j\u00f3venes de muchas maneras diferentes. Fue algo que not\u00e9 casi de inmediato al incorporarme a New Voices este a\u00f1o. En muchos sentidos, el personal de New Voices entiende que, cuando se trabaja con j\u00f3venes, es importante presentarse tal y como uno es y ser uno mismo. <strong>Tambi\u00e9n creo que el personal de la Academia de Verano ayud\u00f3 a los j\u00f3venes a ver la grandeza que llevan dentro.<\/strong> A menudo, como comunidad, olvidamos lo fuerte que es la juventud. Olvidamos que tantos grandes movimientos fueron liderados por j\u00f3venes y que cuando decidamos que ha llegado nuestro momento de sentarnos necesitaremos m\u00e1s gente que ocupe nuestro lugar y lo haga mejor que nosotros. Nosotros, como personal, nos aseguramos de recordar a nuestros j\u00f3venes que, por mucho que este mundo sea nuestro, tambi\u00e9n es suyo, y que ellos tambi\u00e9n deber\u00edan poder opinar sobre las cosas que les afectan. Creo que nuestros j\u00f3venes saben que, cuando salen al mundo, hay gente que les apoya y apoya sus decisiones.\u00a0<\/span><\/p>\n<p><span style=\"font-family: georgia, palatino, serif; font-size: 12pt;\"><b>De todas las actividades, talleres y excursiones de este verano, \u00bfcu\u00e1l cree que fue la m\u00e1s memorable para los participantes en la Academia de Verano? <\/b><b>\u00bfY cu\u00e1l fue su experiencia favorita?\u00a0<\/b><\/span><\/p>\n<p><span style=\"font-weight: 400; font-family: georgia, palatino, serif; font-size: 12pt;\">Creo que la actividad m\u00e1s memorable para m\u00ed fue nuestro taller de poes\u00eda y el slam. Nuestros j\u00f3venes estaban muy nerviosos. Al principio del taller o\u00edmos a muchos j\u00f3venes decir: \"No s\u00e9 escribir poemas\/ No soy poeta\". Cuando preguntamos si alg\u00fan voluntario quer\u00eda leer lo que hab\u00eda escrito, se hizo un silencio absoluto. Michelle, una de nuestras l\u00edderes del POD, que estaba ayudando a dirigir el taller, tuvo la idea de llamar a los estudiantes y hacerles saber que se trataba de un espacio seguro en el que pod\u00edan compartir su trabajo sin ser juzgados. Los j\u00f3venes decidieron ofrecerse como voluntarios. A lo largo de este proceso escuchamos muchos hermosos comienzos de poemas que m\u00e1s tarde fueron terminados y presentados en nuestro certamen de poes\u00eda. Estos poemas conten\u00edan hermosas historias sobre nuestros j\u00f3venes y sus experiencias con los temas que tratamos en nuestro programa. Los temas tratados iban desde las injusticias medioambientales, como vivir cerca de f\u00e1bricas y sus efectos sobre la salud, hasta las injusticias sociales, como la brutalidad policial y los c\u00e1nones de belleza. Nuestros j\u00f3venes compartieron con nosotros lo que consideran importante para ellos y sus comunidades.\u00a0<\/span><\/p>\n<p><span style=\"font-family: georgia, palatino, serif; font-size: 12pt;\"><b>\u00bfLograron los estudiantes o el programa en su conjunto alg\u00fan triunfo en materia de justicia clim\u00e1tica durante el verano?\u00a0<\/b><\/span><\/p>\n<p><span style=\"font-weight: 400; font-family: georgia, palatino, serif; font-size: 12pt;\">Una de las victorias en materia de justicia clim\u00e1tica de este verano ha sido la sentencia del Distrito de Gesti\u00f3n de la Calidad del Aire del \u00c1rea de la Bah\u00eda que obliga a la refiner\u00eda de Chevron en Richmond y a otra refiner\u00eda en Mart\u00ednez a reducir y limpiar la contaminaci\u00f3n que llevan a\u00f1os vertiendo en las comunidades de color. Muchos de los j\u00f3venes y del personal de New Voices llevan mucho tiempo abogando por este cambio y por muchos otros, y es estupendo verlo por fin.\u00a0<\/span><\/p>\n<p><span style=\"font-family: georgia, palatino, serif; font-size: 12pt;\"><b>\u00bfCu\u00e1l fue el momento m\u00e1s impactante para usted durante la Academia de Verano?<\/b><\/span><\/p>\n<p><span style=\"font-weight: 400; font-family: georgia, palatino, serif; font-size: 12pt;\">Para m\u00ed, el momento m\u00e1s emocionante de la academia de verano fue probablemente el certamen de poes\u00eda. <strong>Muchos j\u00f3venes dec\u00edan que no sab\u00edan escribir poemas y que no sab\u00edan c\u00f3mo hacerlo. En el certamen de poes\u00eda, escuchamos muchos poemas maravillosamente escritos sobre cosas que realmente les importaban y me cambi\u00f3 la vida escuchar lo poderosas que eran sus palabras.<\/strong>\u00a0<\/span><\/p>\n<p><span style=\"font-family: georgia, palatino, serif; font-size: 12pt;\"><b>\u00bfDe qu\u00e9 manera cree que los participantes de este a\u00f1o aplicar\u00e1n en el futuro sus experiencias en el programa?<\/b><\/span><\/p>\n<p><span style=\"font-weight: 400; font-family: georgia, palatino, serif; font-size: 12pt;\"><strong>En nuestras entrevistas de salida, hemos o\u00eddo a muchos j\u00f3venes hacerse eco del hecho de que ahora que han aprendido sobre justicia medioambiental educar\u00e1n a sus amigos y a la gente que conocen.<\/strong> Algunos incluso han mencionado la creaci\u00f3n de clubes en sus escuelas. Creo que el dicho \"cada uno ense\u00f1a a otro\" es muy importante, sobre todo cuando se trata de los j\u00f3venes.\u00a0<\/span><\/p>\n<p><span style=\"font-family: georgia, palatino, serif; font-size: 12pt;\"><b>\u00bfQu\u00e9 espera de los alumnos de la Academia de Verano?<\/b><\/span><\/p>\n<p><span style=\"font-weight: 400; font-family: georgia, palatino, serif; font-size: 12pt;\">Mi esperanza para los alumnos de la Academia de Verano es que ense\u00f1en a sus comunidades las cosas que han aprendido, pero tambi\u00e9n que recuerden lo que significa trabajar juntos. <strong>Creo que nuestros j\u00f3venes se dieron cuenta de que las organizaciones y los movimientos son m\u00e1s poderosos cuando se unen y trabajan.\u00a0<\/strong><\/span><\/p>\n<p><span style=\"font-family: georgia, palatino, serif; font-size: 12pt;\"><b>\u00bfC\u00f3mo podemos los \"mayores\" apoyar a estos l\u00edderes en ascenso de la justicia medioambiental y clim\u00e1tica?<\/b><\/span><\/p>\n<p><span style=\"font-weight: 400; font-family: georgia, palatino, serif; font-size: 12pt;\">Los mayores podemos hacer muchas cosas, pero para simplificar: podemos dar a los j\u00f3venes la plataforma para que digan lo que tienen que decir y se dirijan a sus comunidades como lo necesitan. Los mayores tenemos que entender que los j\u00f3venes est\u00e1n liderando la generaci\u00f3n y nuestro trabajo es darles ese espacio, pero tambi\u00e9n ayudar a guiarlos.\u00a0<\/span><\/p>","protected":false},"excerpt":{"rendered":"<p>La Cumbre Comunitaria de Nuevas Voces celebrada en julio marc\u00f3 el final de la Academia de Verano de Liderazgo en Justicia Clim\u00e1tica. Nos inspir\u00f3 la pasi\u00f3n que mostraron nuestros participantes en la Academia de Verano al compartir los temas locales de justicia clim\u00e1tica que aprendieron a lo largo del programa de 6 semanas. Para saber m\u00e1s sobre el \u00e9xito de este programa virtual reci\u00e9n ampliado, hablamos con la coordinadora del programa, Mars Keith<\/p>","protected":false},"featured_media":4244,"template":"","format":[],"categories":[85],"tags":[73],"topic":[],"class_list":["post-4949","news","type-news","status-publish","has-post-thumbnail","hentry","category-new-voices-are-risingnews-features","tag-new-voices-are-rising"],"acf":[],"yoast_head":"<!-- This site is optimized with the Yoast SEO plugin v27.4 - https:\/\/yoast.com\/product\/yoast-seo-wordpress\/ -->\n<title>Summer in Review - Rose Foundation<\/title>\n<meta name=\"description\" content=\"The New Voices Community Summit in July marked the end of the Summer Climate Justice Leadership Academy. We were inspired by the passion our Summer Academy participants showed when sharing about the local climate justice issues they learned over the 6-week program. To learn more about the success of this newly expanded, virtual program, we spoke with the program coordinator, Mars Keith\" \/>\n<meta name=\"robots\" content=\"index, follow, max-snippet:-1, max-image-preview:large, max-video-preview:-1\" \/>\n<link rel=\"canonical\" href=\"https:\/\/rosefdn.org\/es\/novedades\/resumen-del-verano\/\" \/>\n<meta property=\"og:locale\" content=\"es_ES\" \/>\n<meta property=\"og:type\" content=\"article\" \/>\n<meta property=\"og:title\" content=\"Summer in Review - Rose Foundation\" \/>\n<meta property=\"og:description\" content=\"The New Voices Community Summit in July marked the end of the Summer Climate Justice Leadership Academy. We were inspired by the passion our Summer Academy participants showed when sharing about the local climate justice issues they learned over the 6-week program. To learn more about the success of this newly expanded, virtual program, we spoke with the program coordinator, Mars Keith\" \/>\n<meta property=\"og:url\" content=\"https:\/\/rosefdn.org\/es\/novedades\/resumen-del-verano\/\" \/>\n<meta property=\"og:site_name\" content=\"Rose Foundation\" \/>\n<meta property=\"article:modified_time\" content=\"2024-05-31T16:33:50+00:00\" \/>\n<meta property=\"og:image\" content=\"https:\/\/rosefdn.org\/wp-content\/uploads\/Mars-Keith.jpg\" \/>\n\t<meta property=\"og:image:width\" content=\"1113\" \/>\n\t<meta property=\"og:image:height\" content=\"1484\" \/>\n\t<meta property=\"og:image:type\" content=\"image\/jpeg\" \/>\n<meta name=\"twitter:card\" content=\"summary_large_image\" \/>\n<meta name=\"twitter:label1\" content=\"Tiempo de lectura\" \/>\n\t<meta name=\"twitter:data1\" content=\"6 minutos\" \/>\n<script type=\"application\/ld+json\" class=\"yoast-schema-graph\">{\"@context\":\"https:\\\/\\\/schema.org\",\"@graph\":[{\"@type\":\"WebPage\",\"@id\":\"https:\\\/\\\/rosefdn.org\\\/latest\\\/summer-in-review\\\/\",\"url\":\"https:\\\/\\\/rosefdn.org\\\/latest\\\/summer-in-review\\\/\",\"name\":\"Summer in Review - Rose Foundation\",\"isPartOf\":{\"@id\":\"https:\\\/\\\/rosefdn.org\\\/#website\"},\"primaryImageOfPage\":{\"@id\":\"https:\\\/\\\/rosefdn.org\\\/latest\\\/summer-in-review\\\/#primaryimage\"},\"image\":{\"@id\":\"https:\\\/\\\/rosefdn.org\\\/latest\\\/summer-in-review\\\/#primaryimage\"},\"thumbnailUrl\":\"https:\\\/\\\/rosefdn.org\\\/wp-content\\\/uploads\\\/Mars-Keith.jpg\",\"datePublished\":\"2021-08-13T22:25:12+00:00\",\"dateModified\":\"2024-05-31T16:33:50+00:00\",\"description\":\"The New Voices Community Summit in July marked the end of the Summer Climate Justice Leadership Academy. We were inspired by the passion our Summer Academy participants showed when sharing about the local climate justice issues they learned over the 6-week program. To learn more about the success of this newly expanded, virtual program, we spoke with the program coordinator, Mars Keith\",\"breadcrumb\":{\"@id\":\"https:\\\/\\\/rosefdn.org\\\/latest\\\/summer-in-review\\\/#breadcrumb\"},\"inLanguage\":\"es\",\"potentialAction\":[{\"@type\":\"ReadAction\",\"target\":[\"https:\\\/\\\/rosefdn.org\\\/latest\\\/summer-in-review\\\/\"]}]},{\"@type\":\"ImageObject\",\"inLanguage\":\"es\",\"@id\":\"https:\\\/\\\/rosefdn.org\\\/latest\\\/summer-in-review\\\/#primaryimage\",\"url\":\"https:\\\/\\\/rosefdn.org\\\/wp-content\\\/uploads\\\/Mars-Keith.jpg\",\"contentUrl\":\"https:\\\/\\\/rosefdn.org\\\/wp-content\\\/uploads\\\/Mars-Keith.jpg\",\"width\":1113,\"height\":1484},{\"@type\":\"BreadcrumbList\",\"@id\":\"https:\\\/\\\/rosefdn.org\\\/latest\\\/summer-in-review\\\/#breadcrumb\",\"itemListElement\":[{\"@type\":\"ListItem\",\"position\":1,\"name\":\"Home\",\"item\":\"https:\\\/\\\/rosefdn.org\\\/\"},{\"@type\":\"ListItem\",\"position\":2,\"name\":\"Summer in Review\"}]},{\"@type\":\"WebSite\",\"@id\":\"https:\\\/\\\/rosefdn.org\\\/#website\",\"url\":\"https:\\\/\\\/rosefdn.org\\\/\",\"name\":\"Rose Foundation\",\"description\":\"Communities Flourish With Stewardship\",\"potentialAction\":[{\"@type\":\"SearchAction\",\"target\":{\"@type\":\"EntryPoint\",\"urlTemplate\":\"https:\\\/\\\/rosefdn.org\\\/?s={search_term_string}\"},\"query-input\":{\"@type\":\"PropertyValueSpecification\",\"valueRequired\":true,\"valueName\":\"search_term_string\"}}],\"inLanguage\":\"es\"}]}<\/script>\n<!-- \/ Yoast SEO plugin. -->","yoast_head_json":{"title":"Resumen del verano - Fundaci\u00f3n Rose","description":"La Cumbre Comunitaria de Nuevas Voces celebrada en julio marc\u00f3 el final de la Academia de Verano de Liderazgo en Justicia Clim\u00e1tica. Nos inspir\u00f3 la pasi\u00f3n que mostraron nuestros participantes en la Academia de Verano al compartir los temas locales de justicia clim\u00e1tica que aprendieron a lo largo del programa de 6 semanas. Para saber m\u00e1s sobre el \u00e9xito de este programa virtual reci\u00e9n ampliado, hablamos con la coordinadora del programa, Mars Keith","robots":{"index":"index","follow":"follow","max-snippet":"max-snippet:-1","max-image-preview":"max-image-preview:large","max-video-preview":"max-video-preview:-1"},"canonical":"https:\/\/rosefdn.org\/es\/novedades\/resumen-del-verano\/","og_locale":"es_ES","og_type":"article","og_title":"Summer in Review - Rose Foundation","og_description":"The New Voices Community Summit in July marked the end of the Summer Climate Justice Leadership Academy. We were inspired by the passion our Summer Academy participants showed when sharing about the local climate justice issues they learned over the 6-week program. To learn more about the success of this newly expanded, virtual program, we spoke with the program coordinator, Mars Keith","og_url":"https:\/\/rosefdn.org\/es\/novedades\/resumen-del-verano\/","og_site_name":"Rose Foundation","article_modified_time":"2024-05-31T16:33:50+00:00","og_image":[{"width":1113,"height":1484,"url":"https:\/\/rosefdn.org\/wp-content\/uploads\/Mars-Keith.jpg","type":"image\/jpeg"}],"twitter_card":"summary_large_image","twitter_misc":{"Tiempo de lectura":"6 minutos"},"schema":{"@context":"https:\/\/schema.org","@graph":[{"@type":"WebPage","@id":"https:\/\/rosefdn.org\/latest\/summer-in-review\/","url":"https:\/\/rosefdn.org\/latest\/summer-in-review\/","name":"Resumen del verano - Fundaci\u00f3n Rose","isPartOf":{"@id":"https:\/\/rosefdn.org\/#website"},"primaryImageOfPage":{"@id":"https:\/\/rosefdn.org\/latest\/summer-in-review\/#primaryimage"},"image":{"@id":"https:\/\/rosefdn.org\/latest\/summer-in-review\/#primaryimage"},"thumbnailUrl":"https:\/\/rosefdn.org\/wp-content\/uploads\/Mars-Keith.jpg","datePublished":"2021-08-13T22:25:12+00:00","dateModified":"2024-05-31T16:33:50+00:00","description":"La Cumbre Comunitaria de Nuevas Voces celebrada en julio marc\u00f3 el final de la Academia de Verano de Liderazgo en Justicia Clim\u00e1tica. Nos inspir\u00f3 la pasi\u00f3n que mostraron nuestros participantes en la Academia de Verano al compartir los temas locales de justicia clim\u00e1tica que aprendieron a lo largo del programa de 6 semanas. Para saber m\u00e1s sobre el \u00e9xito de este programa virtual reci\u00e9n ampliado, hablamos con la coordinadora del programa, Mars Keith","breadcrumb":{"@id":"https:\/\/rosefdn.org\/latest\/summer-in-review\/#breadcrumb"},"inLanguage":"es","potentialAction":[{"@type":"ReadAction","target":["https:\/\/rosefdn.org\/latest\/summer-in-review\/"]}]},{"@type":"ImageObject","inLanguage":"es","@id":"https:\/\/rosefdn.org\/latest\/summer-in-review\/#primaryimage","url":"https:\/\/rosefdn.org\/wp-content\/uploads\/Mars-Keith.jpg","contentUrl":"https:\/\/rosefdn.org\/wp-content\/uploads\/Mars-Keith.jpg","width":1113,"height":1484},{"@type":"BreadcrumbList","@id":"https:\/\/rosefdn.org\/latest\/summer-in-review\/#breadcrumb","itemListElement":[{"@type":"ListItem","position":1,"name":"Home","item":"https:\/\/rosefdn.org\/"},{"@type":"ListItem","position":2,"name":"Summer in Review"}]},{"@type":"WebSite","@id":"https:\/\/rosefdn.org\/#website","url":"https:\/\/rosefdn.org\/","name":"Fundaci\u00f3n Rosa","description":"Las comunidades florecen con la administraci\u00f3n","potentialAction":[{"@type":"SearchAction","target":{"@type":"EntryPoint","urlTemplate":"https:\/\/rosefdn.org\/?s={search_term_string}"},"query-input":{"@type":"PropertyValueSpecification","valueRequired":true,"valueName":"search_term_string"}}],"inLanguage":"es"}]}},"_links":{"self":[{"href":"https:\/\/rosefdn.org\/es\/wp-json\/wp\/v2\/news\/4949","targetHints":{"allow":["GET"]}}],"collection":[{"href":"https:\/\/rosefdn.org\/es\/wp-json\/wp\/v2\/news"}],"about":[{"href":"https:\/\/rosefdn.org\/es\/wp-json\/wp\/v2\/types\/news"}],"wp:featuredmedia":[{"embeddable":true,"href":"https:\/\/rosefdn.org\/es\/wp-json\/wp\/v2\/media\/4244"}],"wp:attachment":[{"href":"https:\/\/rosefdn.org\/es\/wp-json\/wp\/v2\/media?parent=4949"}],"wp:term":[{"taxonomy":"category","embeddable":true,"href":"https:\/\/rosefdn.org\/es\/wp-json\/wp\/v2\/categories?post=4949"},{"taxonomy":"post_tag","embeddable":true,"href":"https:\/\/rosefdn.org\/es\/wp-json\/wp\/v2\/tags?post=4949"},{"taxonomy":"topic","embeddable":true,"href":"https:\/\/rosefdn.org\/es\/wp-json\/wp\/v2\/topic?post=4949"},{"taxonomy":"format","embeddable":true,"href":"https:\/\/rosefdn.org\/es\/wp-json\/wp\/v2\/format?post=4949"}],"curies":[{"name":"wp","href":"https:\/\/api.w.org\/{rel}","templated":true}]}}