{"id":5030,"date":"2024-03-20T17:24:19","date_gmt":"2024-03-20T17:24:19","guid":{"rendered":"https:\/\/rosefdn.org\/latest\/celebrating-the-past-and-looking-forward-to-the-future\/"},"modified":"2024-06-07T03:35:22","modified_gmt":"2024-06-07T03:35:22","slug":"celebrar-el-pasado-y-mirar-hacia-el-futuro","status":"publish","type":"news","link":"https:\/\/rosefdn.org\/es\/latest\/celebrating-the-past-and-looking-forward-to-the-future\/","title":{"rendered":"Mirando hacia el futuro: Transici\u00f3n en el liderazgo de Rose"},"content":{"rendered":"<table style=\"border-collapse: collapse; width: 100%;\">\n<tbody>\n<tr>\n<td style=\"width: 50%;\">\n<p><div id=\"attachment_42092\" style=\"width: 160px\" class=\"wp-caption alignright\"><img decoding=\"async\" aria-describedby=\"caption-attachment-42092\" class=\"wp-image-42092 size-thumbnail\" src=\"\/wp-content\/uploads\/Tim-Yosemite-2024-1-scaled-e1709926770102.jpg\" alt=\"\" width=\"150\" height=\"150\" \/><p id=\"caption-attachment-42092\" class=\"wp-caption-text\">Rose Foundation Founder and past Executive Director, Tim Little<\/p><\/div><\/td>\n<td style=\"width: 50%;\">\n<p><div id=\"attachment_42076\" style=\"width: 160px\" class=\"wp-caption alignleft\"><img decoding=\"async\" aria-describedby=\"caption-attachment-42076\" class=\"wp-image-42076 size-thumbnail\" src=\"\/wp-content\/uploads\/IMG_1777-scaled.jpg\" alt=\"\" width=\"150\" height=\"150\" \/><p id=\"caption-attachment-42076\" class=\"wp-caption-text\">Rose Foundation Interim Executive Director, Aiko Pandorf<\/p><\/div><\/td>\n<\/tr>\n<\/tbody>\n<\/table>\n<p><span data-contrast=\"none\">The Rose Foundation is at an exciting juncture of change and potential as we ease into our third decade. Formed in 1992 by Tim Little and his co-founder Jill Ratner, The Rose Foundation is proud to announce the appointment of Aiko Pandorf as interim Executive Director. <\/span><span data-ccp-props=\"{&quot;134233118&quot;:true,&quot;201341983&quot;:2,&quot;335559740&quot;:270}\">\u00a0<\/span><\/p>\n<blockquote><p><span data-contrast=\"none\">\u201c<\/span><i><span data-contrast=\"none\">As Chair of the Transition Committee and on behalf of the Board of Directors, we are thrilled to welcome Aiko Pandorf. As Interim Executive Director, Aiko will build on Rose\u2019s storied history and help us write a new chapter. Her steady-handed leadership style and collaborative approach builds on the organization\u2019s strengths as we usher in exciting new opportunities for the Rose Foundation.\u202f She is a wonderful guide and an asset to Rose.<\/span><\/i><span data-contrast=\"none\">\u201d\u202f &#8212; Willard Brown, Board Member<\/span><span data-contrast=\"none\">\u202f<\/span><span data-ccp-props=\"{&quot;134233118&quot;:true,&quot;201341983&quot;:2,&quot;335559685&quot;:720,&quot;335559740&quot;:270}\">\u00a0<\/span><\/p><\/blockquote>\n<p><span data-contrast=\"none\">Tim and Jill have an unwavering commitment to justice for communities and the environment. Together, with a dedicated Board and staff, they have worked to develop a dynamic organization that empowers marginalized groups and environmental efforts. The Rose Foundation\u2019s grassroots and mitigations grantmaking programs\u202fwere\u202finitially built through Tim\u2019s deep connections to local organizations and community activists. The Rose Foundation\u2019s ability to reach frontline groups continues to make a difference in our shared pursuit of environmental justice, conservation and consumer rights.\u202f<\/span><span data-ccp-props=\"{&quot;134233118&quot;:true}\">\u00a0<\/span><\/p>\n<blockquote><p><span data-contrast=\"none\">\u201c<\/span><i><span data-contrast=\"none\">Tim Little has devoted the past 30 years to building the Rose Foundation we know and love today. Alongside Jill Ratner, Tim grew Rose\u202ffrom a 2-person team to a 19-person organization, fundamentally committed\u202fto grassroots initiatives promoting stewardship of nature, protecting people\u2019s rights, and advancing\u202fenvironmental justice. Today, the Rose Foundation is locally and nationally recognized as a nonprofit\u202fthat\u202fis\u202fa testament\u202fto Tim\u2019s values and leadership.\u202fAfter working at the Rose Foundation and now serving on its Board of Directors, I\u202fam\u202fconfident Tim\u2019s legacy will live on in the fabric of the organization,\u202f<\/span><\/i><i><span data-contrast=\"none\">and\u202f<\/span><\/i><i><span data-contrast=\"none\">I am <\/span><\/i><i><span data-contrast=\"none\">ready <\/span><\/i><i><span data-contrast=\"none\">for the elevated\u202f2.0 version of Rose!<\/span><\/i><span data-contrast=\"none\">\u201d\u202f<\/span><span data-ccp-props=\"{&quot;134233118&quot;:true,&quot;201341983&quot;:2,&quot;335559685&quot;:720,&quot;335559740&quot;:270}\"> &#8212; <\/span><span data-contrast=\"none\">Laura Fernandez, Board Member<\/span><span data-contrast=\"none\">\u202f<\/span><span data-ccp-props=\"{&quot;134233118&quot;:true,&quot;201341983&quot;:2,&quot;335551550&quot;:3,&quot;335551620&quot;:3,&quot;335559740&quot;:270}\">\u00a0<\/span><span data-ccp-props=\"{&quot;134233118&quot;:true,&quot;201341983&quot;:2,&quot;335559740&quot;:270}\">\u00a0<\/span><\/p><\/blockquote>\n<p><span data-contrast=\"none\">The Rose Foundation has grown dramatically in the last 30 years. Over the past 3 years alone, the organization has almost tripled its asset base. With this growth has come the expansion of Rose\u2019s grantmaking and youth leadership programs, the addition of new staff members, and the refining of internal systems. On the horizon, the Rose Foundation is committed to growing the impact of our work and the grassroots groups we are privileged to support. We see the organization as a vital partner to small and mid-sized groups fighting for environmental and community justice.<\/span><span data-ccp-props=\"{&quot;134233118&quot;:true,&quot;201341983&quot;:2,&quot;335559740&quot;:270}\">\u00a0<\/span><\/p>\n<p><span data-contrast=\"none\">Some exciting developments include:\u202f\u202f<\/span><\/p>\n<ul>\n<li data-leveltext=\"\uf0b7\" data-font=\"Symbol\" data-listid=\"1\" data-list-defn-props=\"{&quot;335552541&quot;:1,&quot;335559685&quot;:720,&quot;335559991&quot;:360,&quot;469769226&quot;:&quot;Symbol&quot;,&quot;469769242&quot;:[8226],&quot;469777803&quot;:&quot;left&quot;,&quot;469777804&quot;:&quot;\uf0b7&quot;,&quot;469777815&quot;:&quot;hybridMultilevel&quot;}\" aria-setsize=\"-1\" data-aria-posinset=\"1\" data-aria-level=\"1\"><span data-contrast=\"none\">This year, we are expanding our grassroots training and capacity-building services. We are piloting a coaching and mentorship program with 2-3 Cal Wildlands grantees, increasing our virtual training offerings to delve into critical topics like <\/span><span data-contrast=\"auto\">fundraising, governance, budgeting, and volunteer engagement, as well as hosting a fully in-person 2024 Grassroots Grantee Convening. <\/span><span data-contrast=\"none\">Grassroots values are at the heart of the Rose Foundation\u2019s mission. That\u2019s why we are thrilled to create touchpoints that foster <\/span><span data-contrast=\"auto\">peer knowledge sharing, support resource exchange and build community among grassroots groups.<\/span><\/li>\n<\/ul>\n<ul>\n<li data-leveltext=\"\uf0b7\" data-font=\"Symbol\" data-listid=\"1\" data-list-defn-props=\"{&quot;335552541&quot;:1,&quot;335559685&quot;:720,&quot;335559991&quot;:360,&quot;469769226&quot;:&quot;Symbol&quot;,&quot;469769242&quot;:[8226],&quot;469777803&quot;:&quot;left&quot;,&quot;469777804&quot;:&quot;\uf0b7&quot;,&quot;469777815&quot;:&quot;hybridMultilevel&quot;}\" aria-setsize=\"-1\" data-aria-posinset=\"1\" data-aria-level=\"1\"><span data-contrast=\"none\">This summer, New Voices Are Rising students are installing air quality monitors and collecting data to create a community-informed air quality mitigation plan to share with key policymakers and governmental agencies. Thanks in part to support from the CA Air Resources Board, the next generation of activists are using science and data to organize for cleaner air in the communities where they live.<\/span><\/li>\n<\/ul>\n<ul>\n<li data-leveltext=\"\uf0b7\" data-font=\"Symbol\" data-listid=\"1\" data-list-defn-props=\"{&quot;335552541&quot;:1,&quot;335559685&quot;:720,&quot;335559991&quot;:360,&quot;469769226&quot;:&quot;Symbol&quot;,&quot;469769242&quot;:[8226],&quot;469777803&quot;:&quot;left&quot;,&quot;469777804&quot;:&quot;\uf0b7&quot;,&quot;469777815&quot;:&quot;hybridMultilevel&quot;}\" aria-setsize=\"-1\" data-aria-posinset=\"1\" data-aria-level=\"1\"><span data-contrast=\"none\">Next month, Rose is launching a new website. We hope it serves as a tool to inspire you with the powerful stories grantees share, the lessons learned in the bigger ecosystem of conservation, justice and community power, the opportunities Rose offers and more.\u00a0<\/span><\/li>\n<\/ul>\n<p><span data-contrast=\"none\">Thank you for being part of the Rose Foundation community now and in the future. We are embracing being in a state of transition, honoring our past and planning for what\u2019s to come. Fostering stewardship, building community and demanding justice are and remain the cornerstones of our mission work.\u00a0<\/span><span data-ccp-props=\"{&quot;134233118&quot;:true,&quot;201341983&quot;:2,&quot;335559740&quot;:270}\">\u00a0<\/span><\/p>\n","protected":false},"excerpt":{"rendered":"<p>Creada en 1992 por Tim Little y su cofundadora Jill Ratner, la Fundaci\u00f3n Rose se enorgullece de anunciar el nombramiento de Aiko Pandorf como Directora Ejecutiva interina. M\u00e1s informaci\u00f3n en el enlace.<\/p>","protected":false},"featured_media":4449,"template":"","format":[62],"categories":[82],"tags":[],"topic":[60],"class_list":["post-5030","news","type-news","status-publish","has-post-thumbnail","hentry","category-news-features"],"acf":[],"yoast_head":"<!-- This site is optimized with the Yoast SEO plugin v27.5 - https:\/\/yoast.com\/product\/yoast-seo-wordpress\/ -->\n<title>Looking Forward: Rose Leadership Transition - Rose Foundation<\/title>\n<meta name=\"description\" content=\"Formed in 1992 by Tim Little and his co-founder Jill Ratner, The Rose Foundation is proud to announce the appointment of Aiko Pandorf as interim Executive Director. Read more at the link.\" \/>\n<meta name=\"robots\" content=\"index, follow, max-snippet:-1, max-image-preview:large, max-video-preview:-1\" \/>\n<link rel=\"canonical\" href=\"https:\/\/rosefdn.org\/es\/novedades\/celebrar-el-pasado-y-mirar-hacia-el-futuro\/\" \/>\n<meta property=\"og:locale\" content=\"es_ES\" \/>\n<meta property=\"og:type\" content=\"article\" \/>\n<meta property=\"og:title\" content=\"Looking Forward: Rose Leadership Transition - Rose Foundation\" \/>\n<meta property=\"og:description\" content=\"Formed in 1992 by Tim Little and his co-founder Jill Ratner, The Rose Foundation is proud to announce the appointment of Aiko Pandorf as interim Executive Director. Read more at the link.\" \/>\n<meta property=\"og:url\" content=\"https:\/\/rosefdn.org\/es\/novedades\/celebrar-el-pasado-y-mirar-hacia-el-futuro\/\" \/>\n<meta property=\"og:site_name\" content=\"Rose Foundation\" \/>\n<meta property=\"article:modified_time\" content=\"2024-06-07T03:35:22+00:00\" \/>\n<meta property=\"og:image\" content=\"https:\/\/rosefdn.org\/wp-content\/uploads\/IMG_1777-scaled.jpg\" \/>\n\t<meta property=\"og:image:width\" content=\"1920\" \/>\n\t<meta property=\"og:image:height\" content=\"2560\" \/>\n\t<meta property=\"og:image:type\" content=\"image\/jpeg\" \/>\n<meta name=\"twitter:card\" content=\"summary_large_image\" \/>\n<meta name=\"twitter:label1\" content=\"Tiempo de lectura\" \/>\n\t<meta name=\"twitter:data1\" content=\"3 minutos\" \/>\n<script type=\"application\/ld+json\" class=\"yoast-schema-graph\">{\"@context\":\"https:\\\/\\\/schema.org\",\"@graph\":[{\"@type\":\"WebPage\",\"@id\":\"https:\\\/\\\/rosefdn.org\\\/latest\\\/celebrating-the-past-and-looking-forward-to-the-future\\\/\",\"url\":\"https:\\\/\\\/rosefdn.org\\\/latest\\\/celebrating-the-past-and-looking-forward-to-the-future\\\/\",\"name\":\"Looking Forward: Rose Leadership Transition - Rose Foundation\",\"isPartOf\":{\"@id\":\"https:\\\/\\\/rosefdn.org\\\/#website\"},\"primaryImageOfPage\":{\"@id\":\"https:\\\/\\\/rosefdn.org\\\/latest\\\/celebrating-the-past-and-looking-forward-to-the-future\\\/#primaryimage\"},\"image\":{\"@id\":\"https:\\\/\\\/rosefdn.org\\\/latest\\\/celebrating-the-past-and-looking-forward-to-the-future\\\/#primaryimage\"},\"thumbnailUrl\":\"https:\\\/\\\/rosefdn.org\\\/wp-content\\\/uploads\\\/IMG_1777-scaled.jpg\",\"datePublished\":\"2024-03-20T17:24:19+00:00\",\"dateModified\":\"2024-06-07T03:35:22+00:00\",\"description\":\"Formed in 1992 by Tim Little and his co-founder Jill Ratner, The Rose Foundation is proud to announce the appointment of Aiko Pandorf as interim Executive Director. Read more at the link.\",\"breadcrumb\":{\"@id\":\"https:\\\/\\\/rosefdn.org\\\/latest\\\/celebrating-the-past-and-looking-forward-to-the-future\\\/#breadcrumb\"},\"inLanguage\":\"es\",\"potentialAction\":[{\"@type\":\"ReadAction\",\"target\":[\"https:\\\/\\\/rosefdn.org\\\/latest\\\/celebrating-the-past-and-looking-forward-to-the-future\\\/\"]}]},{\"@type\":\"ImageObject\",\"inLanguage\":\"es\",\"@id\":\"https:\\\/\\\/rosefdn.org\\\/latest\\\/celebrating-the-past-and-looking-forward-to-the-future\\\/#primaryimage\",\"url\":\"https:\\\/\\\/rosefdn.org\\\/wp-content\\\/uploads\\\/IMG_1777-scaled.jpg\",\"contentUrl\":\"https:\\\/\\\/rosefdn.org\\\/wp-content\\\/uploads\\\/IMG_1777-scaled.jpg\",\"width\":1920,\"height\":2560},{\"@type\":\"BreadcrumbList\",\"@id\":\"https:\\\/\\\/rosefdn.org\\\/latest\\\/celebrating-the-past-and-looking-forward-to-the-future\\\/#breadcrumb\",\"itemListElement\":[{\"@type\":\"ListItem\",\"position\":1,\"name\":\"Home\",\"item\":\"https:\\\/\\\/rosefdn.org\\\/\"},{\"@type\":\"ListItem\",\"position\":2,\"name\":\"Looking Forward: Rose Leadership Transition\"}]},{\"@type\":\"WebSite\",\"@id\":\"https:\\\/\\\/rosefdn.org\\\/#website\",\"url\":\"https:\\\/\\\/rosefdn.org\\\/\",\"name\":\"Rose Foundation\",\"description\":\"Communities Flourish With Stewardship\",\"potentialAction\":[{\"@type\":\"SearchAction\",\"target\":{\"@type\":\"EntryPoint\",\"urlTemplate\":\"https:\\\/\\\/rosefdn.org\\\/?s={search_term_string}\"},\"query-input\":{\"@type\":\"PropertyValueSpecification\",\"valueRequired\":true,\"valueName\":\"search_term_string\"}}],\"inLanguage\":\"es\"}]}<\/script>\n<!-- \/ Yoast SEO plugin. -->","yoast_head_json":{"title":"Mirando hacia el futuro: Rose Leadership Transition - Fundaci\u00f3n Rose","description":"Creada en 1992 por Tim Little y su cofundadora Jill Ratner, la Fundaci\u00f3n Rose se enorgullece de anunciar el nombramiento de Aiko Pandorf como Directora Ejecutiva interina. M\u00e1s informaci\u00f3n en el enlace.","robots":{"index":"index","follow":"follow","max-snippet":"max-snippet:-1","max-image-preview":"max-image-preview:large","max-video-preview":"max-video-preview:-1"},"canonical":"https:\/\/rosefdn.org\/es\/novedades\/celebrar-el-pasado-y-mirar-hacia-el-futuro\/","og_locale":"es_ES","og_type":"article","og_title":"Looking Forward: Rose Leadership Transition - Rose Foundation","og_description":"Formed in 1992 by Tim Little and his co-founder Jill Ratner, The Rose Foundation is proud to announce the appointment of Aiko Pandorf as interim Executive Director. Read more at the link.","og_url":"https:\/\/rosefdn.org\/es\/novedades\/celebrar-el-pasado-y-mirar-hacia-el-futuro\/","og_site_name":"Rose Foundation","article_modified_time":"2024-06-07T03:35:22+00:00","og_image":[{"width":1920,"height":2560,"url":"https:\/\/rosefdn.org\/wp-content\/uploads\/IMG_1777-scaled.jpg","type":"image\/jpeg"}],"twitter_card":"summary_large_image","twitter_misc":{"Tiempo de lectura":"3 minutos"},"schema":{"@context":"https:\/\/schema.org","@graph":[{"@type":"WebPage","@id":"https:\/\/rosefdn.org\/latest\/celebrating-the-past-and-looking-forward-to-the-future\/","url":"https:\/\/rosefdn.org\/latest\/celebrating-the-past-and-looking-forward-to-the-future\/","name":"Mirando hacia el futuro: Rose Leadership Transition - Fundaci\u00f3n Rose","isPartOf":{"@id":"https:\/\/rosefdn.org\/#website"},"primaryImageOfPage":{"@id":"https:\/\/rosefdn.org\/latest\/celebrating-the-past-and-looking-forward-to-the-future\/#primaryimage"},"image":{"@id":"https:\/\/rosefdn.org\/latest\/celebrating-the-past-and-looking-forward-to-the-future\/#primaryimage"},"thumbnailUrl":"https:\/\/rosefdn.org\/wp-content\/uploads\/IMG_1777-scaled.jpg","datePublished":"2024-03-20T17:24:19+00:00","dateModified":"2024-06-07T03:35:22+00:00","description":"Creada en 1992 por Tim Little y su cofundadora Jill Ratner, la Fundaci\u00f3n Rose se enorgullece de anunciar el nombramiento de Aiko Pandorf como Directora Ejecutiva interina. M\u00e1s informaci\u00f3n en el enlace.","breadcrumb":{"@id":"https:\/\/rosefdn.org\/latest\/celebrating-the-past-and-looking-forward-to-the-future\/#breadcrumb"},"inLanguage":"es","potentialAction":[{"@type":"ReadAction","target":["https:\/\/rosefdn.org\/latest\/celebrating-the-past-and-looking-forward-to-the-future\/"]}]},{"@type":"ImageObject","inLanguage":"es","@id":"https:\/\/rosefdn.org\/latest\/celebrating-the-past-and-looking-forward-to-the-future\/#primaryimage","url":"https:\/\/rosefdn.org\/wp-content\/uploads\/IMG_1777-scaled.jpg","contentUrl":"https:\/\/rosefdn.org\/wp-content\/uploads\/IMG_1777-scaled.jpg","width":1920,"height":2560},{"@type":"BreadcrumbList","@id":"https:\/\/rosefdn.org\/latest\/celebrating-the-past-and-looking-forward-to-the-future\/#breadcrumb","itemListElement":[{"@type":"ListItem","position":1,"name":"Home","item":"https:\/\/rosefdn.org\/"},{"@type":"ListItem","position":2,"name":"Looking Forward: Rose Leadership Transition"}]},{"@type":"WebSite","@id":"https:\/\/rosefdn.org\/#website","url":"https:\/\/rosefdn.org\/","name":"Fundaci\u00f3n Rosa","description":"Las comunidades florecen con la administraci\u00f3n","potentialAction":[{"@type":"SearchAction","target":{"@type":"EntryPoint","urlTemplate":"https:\/\/rosefdn.org\/?s={search_term_string}"},"query-input":{"@type":"PropertyValueSpecification","valueRequired":true,"valueName":"search_term_string"}}],"inLanguage":"es"}]}},"_links":{"self":[{"href":"https:\/\/rosefdn.org\/es\/wp-json\/wp\/v2\/news\/5030","targetHints":{"allow":["GET"]}}],"collection":[{"href":"https:\/\/rosefdn.org\/es\/wp-json\/wp\/v2\/news"}],"about":[{"href":"https:\/\/rosefdn.org\/es\/wp-json\/wp\/v2\/types\/news"}],"wp:featuredmedia":[{"embeddable":true,"href":"https:\/\/rosefdn.org\/es\/wp-json\/wp\/v2\/media\/4449"}],"wp:attachment":[{"href":"https:\/\/rosefdn.org\/es\/wp-json\/wp\/v2\/media?parent=5030"}],"wp:term":[{"taxonomy":"category","embeddable":true,"href":"https:\/\/rosefdn.org\/es\/wp-json\/wp\/v2\/categories?post=5030"},{"taxonomy":"post_tag","embeddable":true,"href":"https:\/\/rosefdn.org\/es\/wp-json\/wp\/v2\/tags?post=5030"},{"taxonomy":"topic","embeddable":true,"href":"https:\/\/rosefdn.org\/es\/wp-json\/wp\/v2\/topic?post=5030"},{"taxonomy":"format","embeddable":true,"href":"https:\/\/rosefdn.org\/es\/wp-json\/wp\/v2\/format?post=5030"}],"curies":[{"name":"wp","href":"https:\/\/api.w.org\/{rel}","templated":true}]}}